{"id":13035,"date":"2023-05-24T23:35:01","date_gmt":"2023-05-25T02:35:01","guid":{"rendered":"https:\/\/blogs.correiobraziliense.com.br\/capital-sa\/?p=13035"},"modified":"2023-05-29T17:19:17","modified_gmt":"2023-05-29T20:19:17","slug":"lula-se-compromete-a-vetar-corte-de-verbas-do-sesc-e-do-senac","status":"publish","type":"post","link":"https:\/\/blogs.correiobraziliense.com.br\/capital-sa\/2023\/05\/24\/lula-se-compromete-a-vetar-corte-de-verbas-do-sesc-e-do-senac\/","title":{"rendered":"Lula se compromete a vetar corte de verbas do Sesc e do Senac"},"content":{"rendered":"<p class=\"p1\"><i>Um plano de trabalho ser\u00e1 constru\u00eddo pela CNC, em parceria com a Embratur, para incentivar o turismo de estrangeiros no Brasil\u00a0<\/i><\/p>\n<p class=\"p1\"><span class=\"s1\"><b>Por Samanta Sallum <\/b><\/span><\/p>\n<p class=\"p1\"><span class=\"s1\">O l\u00edder do Governo no Senado Federal, Jacques Wagner, afirmou no plen\u00e1rio do Senado, na noite de quarta-feira, que o presidente da Rep\u00fablica, Luiz In\u00e1cio Lula da Silva, se comprometeu a vetar os artigos 11 e 12 do Projeto de Lei de Convers\u00e3o (PLV) 09\/2023 &#8211; que remaneja<span class=\"Apple-converted-space\">\u00a0<\/span>5% da arrecada\u00e7\u00e3o do Servi\u00e7o Nacional de Aprendizagem Comercial (Senac) e do Servi\u00e7o Social do Com\u00e9rcio (Sesc) para a Embratur. <\/span><\/p>\n<p class=\"p1\"><span class=\"s1\">O acordo foi costurado para que a Medida Provis\u00f3ria 1147\/2022, que institui o Programa Emergencial de Retomada do Setor de Eventos (Perse), fosse aprovada em tempo, antes de caducar.<\/span><\/p>\n<p class=\"p1\"><span class=\"s1\">\u201cO compromisso do presidente Lula \u00e9 de vetar a mat\u00e9ria relativa ao Sesc e ao Senac\u201d, declarou Jacques Wagner na tribuna. <\/span><\/p>\n<p class=\"p1\"><span class=\"s1\">O presidente da Confedera\u00e7\u00e3o Nacional do Com\u00e9rcio de Bens, Servi\u00e7os e Turismo (CNC), Jos\u00e9 Roberto Tadros, considerou uma vit\u00f3ria. \u201cFirmamos uma parceria com o objetivo de melhorar a qualidade de vida e o desenvolvimento econ\u00f4mico, e no Brasil n\u00e3o d\u00e1 para pensar esse desenvolvimento sem o crescimento do turismo. O que tem afligido o presidente Freixo \u00e9 o que tamb\u00e9m aflige a CNC: o n\u00famero \u00ednfimo de turistas internacionais que nos visitam. O nosso Sistema n\u00e3o pode transferir recursos l\u00edquidos, pois a finalidade e o foco s\u00e3o a qualidade de vida e capacita\u00e7\u00e3o da m\u00e3o de obra do trabalhador, dessa forma vamos auxiliar, dentro deste foco, a Embratur\u201d,<span class=\"Apple-converted-space\">\u00a0 <\/span>afirmou. <\/span><\/p>\n<p class=\"p1\"><span class=\"s1\">O presidente da Embratur, Marcelo Freixo, tamb\u00e9m considerou uma conquista.\u00a0<\/span>\u201cVit\u00f3ria do di\u00e1logo e da concilia\u00e7\u00e3o. A EmbraturBrasil\u202c e o\u00a0 Sistema CNC\u202c acabam de fechar acordo, que atende aos interesses de ambas as partes\u201d, disse.<\/p>\n<p><b>Mobiliza\u00e7\u00e3o na C\u00e2mara dos Deputados\u00a0<\/b><\/p>\n<p>O senador Izalci Lucas (PSDB-MG) pediu, em Plen\u00e1rio, a confirma\u00e7\u00e3o do senador Jacques Wagner, de que o Governo auxiliaria na manuten\u00e7\u00e3o do veto aos artigos 11 e 12 do PLV tamb\u00e9m na C\u00e2mara dos Deputados.<\/p>\n<p class=\"p1\"><span class=\"s1\"><br \/>\n\u201cN\u00e3o vetar\u00edamos aqui para derrubar o veto logo depois. Reafirmo aqui que estamos fazendo concord\u00e2ncia com o acordo promovido pela senadora Daniella Ribeiro, de vetar e manter esse veto, tirando do Sistema Sesc e Senac essa preocupa\u00e7\u00e3o\u201d, esclareceu Jacques Wagner. <\/span><\/p>\n<p>&nbsp;<\/p>\n","protected":false},"excerpt":{"rendered":"<p>Um plano de trabalho ser\u00e1 constru\u00eddo pela CNC, em parceria com a Embratur, para incentivar o turismo de estrangeiros no Brasil\u00a0 Por Samanta Sallum O l\u00edder do Governo no Senado Federal, Jacques Wagner, afirmou no plen\u00e1rio do Senado, na noite de quarta-feira, que o presidente da Rep\u00fablica, Luiz In\u00e1cio Lula da Silva, se comprometeu a vetar os artigos 11 e [&hellip;]<\/p>\n","protected":false},"author":125,"featured_media":13038,"comment_status":"open","ping_status":"open","sticky":false,"template":"","format":"standard","meta":{"footnotes":""},"categories":[6],"tags":[275,1165,156,713,62],"class_list":["post-13035","post","type-post","status-publish","format-standard","has-post-thumbnail","hentry","category-coluna-capital-s-a","tag-cnc","tag-lula","tag-senac","tag-veto","tag-sesc"],"_links":{"self":[{"href":"https:\/\/blogs.correiobraziliense.com.br\/capital-sa\/wp-json\/wp\/v2\/posts\/13035","targetHints":{"allow":["GET"]}}],"collection":[{"href":"https:\/\/blogs.correiobraziliense.com.br\/capital-sa\/wp-json\/wp\/v2\/posts"}],"about":[{"href":"https:\/\/blogs.correiobraziliense.com.br\/capital-sa\/wp-json\/wp\/v2\/types\/post"}],"author":[{"embeddable":true,"href":"https:\/\/blogs.correiobraziliense.com.br\/capital-sa\/wp-json\/wp\/v2\/users\/125"}],"replies":[{"embeddable":true,"href":"https:\/\/blogs.correiobraziliense.com.br\/capital-sa\/wp-json\/wp\/v2\/comments?post=13035"}],"version-history":[{"count":7,"href":"https:\/\/blogs.correiobraziliense.com.br\/capital-sa\/wp-json\/wp\/v2\/posts\/13035\/revisions"}],"predecessor-version":[{"id":13066,"href":"https:\/\/blogs.correiobraziliense.com.br\/capital-sa\/wp-json\/wp\/v2\/posts\/13035\/revisions\/13066"}],"wp:featuredmedia":[{"embeddable":true,"href":"https:\/\/blogs.correiobraziliense.com.br\/capital-sa\/wp-json\/wp\/v2\/media\/13038"}],"wp:attachment":[{"href":"https:\/\/blogs.correiobraziliense.com.br\/capital-sa\/wp-json\/wp\/v2\/media?parent=13035"}],"wp:term":[{"taxonomy":"category","embeddable":true,"href":"https:\/\/blogs.correiobraziliense.com.br\/capital-sa\/wp-json\/wp\/v2\/categories?post=13035"},{"taxonomy":"post_tag","embeddable":true,"href":"https:\/\/blogs.correiobraziliense.com.br\/capital-sa\/wp-json\/wp\/v2\/tags?post=13035"}],"curies":[{"name":"wp","href":"https:\/\/api.w.org\/{rel}","templated":true}]}}