{"id":13021,"date":"2023-05-24T15:47:12","date_gmt":"2023-05-24T18:47:12","guid":{"rendered":"https:\/\/blogs.correiobraziliense.com.br\/capital-sa\/?p=13021"},"modified":"2023-05-24T18:07:50","modified_gmt":"2023-05-24T21:07:50","slug":"ciro-nogueira-declara-apoio-ao-fundo-constitucional-do-df","status":"publish","type":"post","link":"https:\/\/blogs.correiobraziliense.com.br\/capital-sa\/2023\/05\/24\/ciro-nogueira-declara-apoio-ao-fundo-constitucional-do-df\/","title":{"rendered":"Ciro Nogueira declara apoio ao Fundo Constitucional do DF"},"content":{"rendered":"<p class=\"p1\"><b>Por Samanta Sallum\u00a0<\/b><\/p>\n<p class=\"p1\"><span class=\"s1\">O senador Ciro Nogueira, presidente nacional do Progressistas (PP) e ex-ministro-chefe da Casa Civil de Jair Bolsonaro, divulgou agora uma mensagem de apoio ao Fundo Constitucional do DF e de solidariedade \u00e0 vice-governadora do DF, Celina Le\u00e3o, que tamb\u00e9m \u00e9 do partido.<\/span><\/p>\n<p class=\"p1\"><span class=\"s1\">&#8220;Na an\u00e1lise do Arcabou\u00e7o Fiscal, no Senado, n\u00f3s do Progressistas daremos toda a aten\u00e7\u00e3o que o tema merece para que a capital do pa\u00eds n\u00e3o seja prejudicada.&#8221;<\/span><\/p>\n<p class=\"p1\"><span class=\"s1\"><b>Preocupa\u00e7\u00e3o <\/b><\/span><\/p>\n<p class=\"p1\"><span class=\"s1\">&#8220;Tenho acompanhado de perto a preocupa\u00e7\u00e3o da nossa vice-governadora Celina Le\u00e3o com as mudan\u00e7as aplicadas ao Fundo que podem comprometer o funcionamento da gest\u00e3o do DF&#8221;, frisou nas redes sociais.<\/span><\/p>\n<p><b>Rea\u00e7\u00e3o<\/b><\/p>\n<p>Depois da aprova\u00e7\u00e3o ontem \u00e0 noite pela C\u00e2mara dos Deputados do novo Arcabou\u00e7o Fiscal, que cont\u00e9m mudan\u00e7a de c\u00e1lculo no Fundo Constitucional do DF, Celina Le\u00e3o reagiu com veem\u00eancia ao &#8220;colega&#8221; de partido deputado Cl\u00e1udio Cajado, que foi o relator do projeto e incluiu a medida no texto. Ele afirma que n\u00e3o haver\u00e1 perdas para a capital federal. O que o GDF rebate:<\/p>\n<blockquote>\n<p class=\"p1\"><span class=\"s1\">&#8220;A ideia de mexer na f\u00f3rmula do Fundo Constitucional \u00e9 preocupante! Se n\u00e3o h\u00e1 varia\u00e7\u00f5es consider\u00e1veis, por que mudar a f\u00f3rmula de se calcular???!&#8221;, questionou no Twitter.<\/span><\/p>\n<\/blockquote>\n<p><img loading=\"lazy\" decoding=\"async\" class=\"size-medium wp-image-13027\" src=\"https:\/\/blogs.correiobraziliense.com.br\/capital-sa\/wp-content\/uploads\/sites\/59\/2023\/05\/1D8C5F80-C834-4877-870F-B2EE3D55F66E-300x210.jpeg\" alt=\"\" width=\"300\" height=\"210\" srcset=\"https:\/\/blogs.correiobraziliense.com.br\/capital-sa\/wp-content\/uploads\/sites\/59\/2023\/05\/1D8C5F80-C834-4877-870F-B2EE3D55F66E-300x210.jpeg 300w, https:\/\/blogs.correiobraziliense.com.br\/capital-sa\/wp-content\/uploads\/sites\/59\/2023\/05\/1D8C5F80-C834-4877-870F-B2EE3D55F66E-768x539.jpeg 768w, https:\/\/blogs.correiobraziliense.com.br\/capital-sa\/wp-content\/uploads\/sites\/59\/2023\/05\/1D8C5F80-C834-4877-870F-B2EE3D55F66E-550x386.jpeg 550w, https:\/\/blogs.correiobraziliense.com.br\/capital-sa\/wp-content\/uploads\/sites\/59\/2023\/05\/1D8C5F80-C834-4877-870F-B2EE3D55F66E-230x161.jpeg 230w, https:\/\/blogs.correiobraziliense.com.br\/capital-sa\/wp-content\/uploads\/sites\/59\/2023\/05\/1D8C5F80-C834-4877-870F-B2EE3D55F66E.jpeg 770w\" sizes=\"auto, (max-width: 300px) 100vw, 300px\" \/><\/p>\n<p><b>Preju\u00edzos<\/b><\/p>\n<p>A vice-governadora do DF acredita que ainda \u00e9 poss\u00edvel reverter a situa\u00e7\u00e3o no Senado. E fez o apelo aos parlamentares.<\/p>\n<p>&#8220;Os 511 deputados moram no DF pelo menos 3 dias por semana! Fora os mais de 3 milh\u00f5es de habitantes do DF que dependem disso! Nossa cadeia econ\u00f4mica n\u00e3o ir\u00e1 assumir perdas nesse volume. A ideia de estar dentro da prote\u00e7\u00e3o do Arcabou\u00e7o Fiscal tamb\u00e9m n\u00e3o \u00e9 verdadeira, visto que o hist\u00f3rico de perdas desde a cria\u00e7\u00e3o do fundo s\u00e3o irris\u00f3rias!&#8221;, disparou.<\/p>\n<p>&nbsp;<\/p>\n","protected":false},"excerpt":{"rendered":"<p>Por Samanta Sallum\u00a0 O senador Ciro Nogueira, presidente nacional do Progressistas (PP) e ex-ministro-chefe da Casa Civil de Jair Bolsonaro, divulgou agora uma mensagem de apoio ao Fundo Constitucional do DF e de solidariedade \u00e0 vice-governadora do DF, Celina Le\u00e3o, que tamb\u00e9m \u00e9 do partido. &#8220;Na an\u00e1lise do Arcabou\u00e7o Fiscal, no Senado, n\u00f3s do Progressistas daremos toda a aten\u00e7\u00e3o que [&hellip;]<\/p>\n","protected":false},"author":125,"featured_media":13024,"comment_status":"open","ping_status":"open","sticky":false,"template":"","format":"standard","meta":{"footnotes":""},"categories":[6],"tags":[1358,2050,1327],"class_list":["post-13021","post","type-post","status-publish","format-standard","has-post-thumbnail","hentry","category-coluna-capital-s-a","tag-celinaleao","tag-cironogueira","tag-fundoconstitucional"],"_links":{"self":[{"href":"https:\/\/blogs.correiobraziliense.com.br\/capital-sa\/wp-json\/wp\/v2\/posts\/13021","targetHints":{"allow":["GET"]}}],"collection":[{"href":"https:\/\/blogs.correiobraziliense.com.br\/capital-sa\/wp-json\/wp\/v2\/posts"}],"about":[{"href":"https:\/\/blogs.correiobraziliense.com.br\/capital-sa\/wp-json\/wp\/v2\/types\/post"}],"author":[{"embeddable":true,"href":"https:\/\/blogs.correiobraziliense.com.br\/capital-sa\/wp-json\/wp\/v2\/users\/125"}],"replies":[{"embeddable":true,"href":"https:\/\/blogs.correiobraziliense.com.br\/capital-sa\/wp-json\/wp\/v2\/comments?post=13021"}],"version-history":[{"count":9,"href":"https:\/\/blogs.correiobraziliense.com.br\/capital-sa\/wp-json\/wp\/v2\/posts\/13021\/revisions"}],"predecessor-version":[{"id":13034,"href":"https:\/\/blogs.correiobraziliense.com.br\/capital-sa\/wp-json\/wp\/v2\/posts\/13021\/revisions\/13034"}],"wp:featuredmedia":[{"embeddable":true,"href":"https:\/\/blogs.correiobraziliense.com.br\/capital-sa\/wp-json\/wp\/v2\/media\/13024"}],"wp:attachment":[{"href":"https:\/\/blogs.correiobraziliense.com.br\/capital-sa\/wp-json\/wp\/v2\/media?parent=13021"}],"wp:term":[{"taxonomy":"category","embeddable":true,"href":"https:\/\/blogs.correiobraziliense.com.br\/capital-sa\/wp-json\/wp\/v2\/categories?post=13021"},{"taxonomy":"post_tag","embeddable":true,"href":"https:\/\/blogs.correiobraziliense.com.br\/capital-sa\/wp-json\/wp\/v2\/tags?post=13021"}],"curies":[{"name":"wp","href":"https:\/\/api.w.org\/{rel}","templated":true}]}}