{"id":13009,"date":"2023-05-24T14:43:52","date_gmt":"2023-05-24T17:43:52","guid":{"rendered":"https:\/\/blogs.correiobraziliense.com.br\/capital-sa\/?p=13009"},"modified":"2023-05-29T17:14:04","modified_gmt":"2023-05-29T20:14:04","slug":"governadores-cobram-de-pacheco-definicao-de-texto-da-reforma-tributaria","status":"publish","type":"post","link":"https:\/\/blogs.correiobraziliense.com.br\/capital-sa\/2023\/05\/24\/governadores-cobram-de-pacheco-definicao-de-texto-da-reforma-tributaria\/","title":{"rendered":"Governadores cobram de Pacheco defini\u00e7\u00e3o de texto da Reforma Tribut\u00e1ria"},"content":{"rendered":"<p class=\"p1\"><em>Caiado, de Goi\u00e1s, foi o \u00fanico a afirmar ser contra a mudan\u00e7a nos impostos.\u00a0<\/em><em>Demais se posicionaram a favor desde que n\u00e3o tenham preju\u00edzos e que conhe\u00e7am o texto previamente\u00a0<\/em><\/p>\n<p><b>Por Samanta Sallum\u00a0<\/b><\/p>\n<p class=\"p1\"><span class=\"s1\">O presidente do Senado, Rodrigo Pacheco, afirmou que vai envolver os governadores no \u00a0processo de defini\u00e7\u00e3o do texto final da Reforma Tribut\u00e1ria, mas foi gen\u00e9rico na resposta sobre qual ser\u00e1 a vers\u00e3o escolhida. E n\u00e3o deu garantias de que os pleitos dos estados ser\u00e3o atendidos.<\/span><\/p>\n<p class=\"p1\"><span class=\"s1\">\u201cO Senado tem o compromisso de ouvir todos os governadores. Por vezes, ouvindo e atendendo. Por vezes, ouvindo e n\u00e3o atendendo. Mas vamos sempre ouvir\u201d, disse durante a reuni\u00e3o do F\u00f3rum de Governadores, em Bras\u00edlia, agora h\u00e1 pouco. O presidente da C\u00e2mara dos Deputados, Arthur Lira, n\u00e3o compareceu.<\/span><\/p>\n<p class=\"p1\"><span class=\"s1\">Todos os governadores presentes afirmaram apoiar a Reforma,\u00a0desde que n\u00e3o tenham preju\u00edzo e possam ver previamente o texto que<\/span>\u00a0ser\u00e1 levado \u00e0 vota\u00e7\u00e3o . H\u00e1 pelo menos tr\u00eas PECs (110,45 e 46) sendo analisadas.<\/p>\n<blockquote>\n<p class=\"p1\"><span class=\"s1\">Somente Ronaldo Caiado, de Goi\u00e1s, se manifestou contra a Reforma Tribut\u00e1ria.<\/span><\/p>\n<p>\u201cQuerem criminalizar o ICMS! Isso n\u00e3o pode\u201d, disparou.<\/p><\/blockquote>\n<p class=\"p1\"><span class=\"s1\">O tema virou uma prioridade de gest\u00e3o do senador Pacheco desde que assumiu a presid\u00eancia do Senado. Ele reafirmou que a Reforma vai ser votada no Congresso em breve.<\/span><\/p>\n<p><b>Perda de autonomia dos estados\u00a0<\/b><\/p>\n<p>Na vers\u00e3o mais adiantada da Reforma, os estados perdem a autonomia de conceder benef\u00edcios fiscais a setores da economia local. Isso, por exemplo, acabaria com a Zona Franca de Manaus.<\/p>\n<p>J\u00e1 para o Distrito Federal e munic\u00edpios, a PEC 46 \u00e9 a que causa menos impacto negativo. As outras eliminam a cobran\u00e7a de ISS, o que provocaria um rombo nas vias p\u00fablicas das cidades.<\/p>\n<p>&nbsp;<\/p>\n<p>&nbsp;<\/p>\n<p>&nbsp;<\/p>\n","protected":false},"excerpt":{"rendered":"<p>Caiado, de Goi\u00e1s, foi o \u00fanico a afirmar ser contra a mudan\u00e7a nos impostos.\u00a0Demais se posicionaram a favor desde que n\u00e3o tenham preju\u00edzos e que conhe\u00e7am o texto previamente\u00a0 Por Samanta Sallum\u00a0 O presidente do Senado, Rodrigo Pacheco, afirmou que vai envolver os governadores no \u00a0processo de defini\u00e7\u00e3o do texto final da Reforma Tribut\u00e1ria, mas foi gen\u00e9rico na resposta sobre [&hellip;]<\/p>\n","protected":false},"author":125,"featured_media":13012,"comment_status":"open","ping_status":"open","sticky":false,"template":"","format":"standard","meta":{"footnotes":""},"categories":[6],"tags":[915,1700,629],"class_list":["post-13009","post","type-post","status-publish","format-standard","has-post-thumbnail","hentry","category-coluna-capital-s-a","tag-autonomia","tag-estados","tag-reformatributaria"],"_links":{"self":[{"href":"https:\/\/blogs.correiobraziliense.com.br\/capital-sa\/wp-json\/wp\/v2\/posts\/13009","targetHints":{"allow":["GET"]}}],"collection":[{"href":"https:\/\/blogs.correiobraziliense.com.br\/capital-sa\/wp-json\/wp\/v2\/posts"}],"about":[{"href":"https:\/\/blogs.correiobraziliense.com.br\/capital-sa\/wp-json\/wp\/v2\/types\/post"}],"author":[{"embeddable":true,"href":"https:\/\/blogs.correiobraziliense.com.br\/capital-sa\/wp-json\/wp\/v2\/users\/125"}],"replies":[{"embeddable":true,"href":"https:\/\/blogs.correiobraziliense.com.br\/capital-sa\/wp-json\/wp\/v2\/comments?post=13009"}],"version-history":[{"count":13,"href":"https:\/\/blogs.correiobraziliense.com.br\/capital-sa\/wp-json\/wp\/v2\/posts\/13009\/revisions"}],"predecessor-version":[{"id":13065,"href":"https:\/\/blogs.correiobraziliense.com.br\/capital-sa\/wp-json\/wp\/v2\/posts\/13009\/revisions\/13065"}],"wp:featuredmedia":[{"embeddable":true,"href":"https:\/\/blogs.correiobraziliense.com.br\/capital-sa\/wp-json\/wp\/v2\/media\/13012"}],"wp:attachment":[{"href":"https:\/\/blogs.correiobraziliense.com.br\/capital-sa\/wp-json\/wp\/v2\/media?parent=13009"}],"wp:term":[{"taxonomy":"category","embeddable":true,"href":"https:\/\/blogs.correiobraziliense.com.br\/capital-sa\/wp-json\/wp\/v2\/categories?post=13009"},{"taxonomy":"post_tag","embeddable":true,"href":"https:\/\/blogs.correiobraziliense.com.br\/capital-sa\/wp-json\/wp\/v2\/tags?post=13009"}],"curies":[{"name":"wp","href":"https:\/\/api.w.org\/{rel}","templated":true}]}}