{"id":12988,"date":"2023-05-23T13:47:37","date_gmt":"2023-05-23T16:47:37","guid":{"rendered":"https:\/\/blogs.correiobraziliense.com.br\/capital-sa\/?p=12988"},"modified":"2023-05-29T17:05:02","modified_gmt":"2023-05-29T20:05:02","slug":"empresas-do-df-aderem-ao-dia-livre-de-impostos","status":"publish","type":"post","link":"https:\/\/blogs.correiobraziliense.com.br\/capital-sa\/2023\/05\/23\/empresas-do-df-aderem-ao-dia-livre-de-impostos\/","title":{"rendered":"Empresas do DF aderem ao Dia Livre de Impostos"},"content":{"rendered":"<p class=\"p1\"><b>Por Samanta Sallum\u00a0<\/b><\/p>\n<p class=\"p1\"><span class=\"s1\">Na pr\u00f3xima quinta-feira, a CDL-DF Jovem realizar\u00e1 a tradicional a\u00e7\u00e3o do Dia Livre de Impostos (DLI) no posto Jarjour da Asa Norte. Ser\u00e3o ofertados 10 mil litros de gasolina e cada motorista poder\u00e1 abastecer at\u00e9 20 litros com o pre\u00e7o livre de imposto. A a\u00e7\u00e3o faz parte de uma campanha nacional sobre os impactos da alta e complexa carga tribut\u00e1ria praticada no pa\u00eds.<span class=\"Apple-converted-space\">\u00a0 <\/span>O Impost\u00f4metro ser\u00e1 montado no local. Entre as lojas participantes da a\u00e7\u00e3o, tamb\u00e9m est\u00e3o Droga Fuji, Postos Jarjour, Tip Top, Puket, \u00d3ticas Nacional e Morana. Todas ter\u00e3o produtos com descontos.<\/span><\/p>\n<p class=\"p1\"><span class=\"s1\"><b>Sess\u00e3o no Congresso <\/b><\/span><\/p>\n<p class=\"p1\"><span class=\"s1\">Foi realizada ontem, no Congresso Nacional, uma sess\u00e3o solene em homenagem ao Dia Livre de Impostos. Foi requerida pelos presidentes da Frente Parlamentar do Com\u00e9rcio e Servi\u00e7os (FCS), o senador Efraim Filho (UNI\u00c3O-PB), e o deputado Domingos S\u00e1vio (PL-MG). <\/span><\/p>\n<p class=\"p1\"><span class=\"s1\"><b>Mobiliza\u00e7\u00e3o<\/b><\/span><\/p>\n<p class=\"p1\"><span class=\"s1\">\u201cEsse \u00e9 o momento prop\u00edcio para mostrar \u00e0 sociedade a import\u00e2ncia da reforma tribut\u00e1ria no Brasil. De forma pr\u00e1tica, os consumidores experimentam a sensa\u00e7\u00e3o de comprar produtos sem tantos impostos. \u00c9 uma mobiliza\u00e7\u00e3o da classe empresarial em prol da sociedade\u201d, destacou o Presidente da CDL-DF, Wagner da Silveira Jr. O presidente da CNDL, Jos\u00e9 C\u00e9sar da Costa, e Raphael Pagnini, coordenador da CDL Jovem Nacional, tamb\u00e9m participaram da solenidade (foto).<\/span><\/p>\n","protected":false},"excerpt":{"rendered":"<p>Por Samanta Sallum\u00a0 Na pr\u00f3xima quinta-feira, a CDL-DF Jovem realizar\u00e1 a tradicional a\u00e7\u00e3o do Dia Livre de Impostos (DLI) no posto Jarjour da Asa Norte. Ser\u00e3o ofertados 10 mil litros de gasolina e cada motorista poder\u00e1 abastecer at\u00e9 20 litros com o pre\u00e7o livre de imposto. A a\u00e7\u00e3o faz parte de uma campanha nacional sobre os impactos da alta e [&hellip;]<\/p>\n","protected":false},"author":125,"featured_media":12991,"comment_status":"open","ping_status":"open","sticky":false,"template":"","format":"standard","meta":{"footnotes":""},"categories":[6],"tags":[2051,368,1078],"class_list":["post-12988","post","type-post","status-publish","format-standard","has-post-thumbnail","hentry","category-coluna-capital-s-a","tag-diasemimposto","tag-imposto","tag-mobilizacao"],"_links":{"self":[{"href":"https:\/\/blogs.correiobraziliense.com.br\/capital-sa\/wp-json\/wp\/v2\/posts\/12988","targetHints":{"allow":["GET"]}}],"collection":[{"href":"https:\/\/blogs.correiobraziliense.com.br\/capital-sa\/wp-json\/wp\/v2\/posts"}],"about":[{"href":"https:\/\/blogs.correiobraziliense.com.br\/capital-sa\/wp-json\/wp\/v2\/types\/post"}],"author":[{"embeddable":true,"href":"https:\/\/blogs.correiobraziliense.com.br\/capital-sa\/wp-json\/wp\/v2\/users\/125"}],"replies":[{"embeddable":true,"href":"https:\/\/blogs.correiobraziliense.com.br\/capital-sa\/wp-json\/wp\/v2\/comments?post=12988"}],"version-history":[{"count":6,"href":"https:\/\/blogs.correiobraziliense.com.br\/capital-sa\/wp-json\/wp\/v2\/posts\/12988\/revisions"}],"predecessor-version":[{"id":13063,"href":"https:\/\/blogs.correiobraziliense.com.br\/capital-sa\/wp-json\/wp\/v2\/posts\/12988\/revisions\/13063"}],"wp:featuredmedia":[{"embeddable":true,"href":"https:\/\/blogs.correiobraziliense.com.br\/capital-sa\/wp-json\/wp\/v2\/media\/12991"}],"wp:attachment":[{"href":"https:\/\/blogs.correiobraziliense.com.br\/capital-sa\/wp-json\/wp\/v2\/media?parent=12988"}],"wp:term":[{"taxonomy":"category","embeddable":true,"href":"https:\/\/blogs.correiobraziliense.com.br\/capital-sa\/wp-json\/wp\/v2\/categories?post=12988"},{"taxonomy":"post_tag","embeddable":true,"href":"https:\/\/blogs.correiobraziliense.com.br\/capital-sa\/wp-json\/wp\/v2\/tags?post=12988"}],"curies":[{"name":"wp","href":"https:\/\/api.w.org\/{rel}","templated":true}]}}