{"id":12945,"date":"2023-05-18T10:26:04","date_gmt":"2023-05-18T13:26:04","guid":{"rendered":"https:\/\/blogs.correiobraziliense.com.br\/capital-sa\/?p=12945"},"modified":"2023-05-18T15:11:14","modified_gmt":"2023-05-18T18:11:14","slug":"revisao-do-pdot-vai-criar-novas-areas-habitacionais","status":"publish","type":"post","link":"https:\/\/blogs.correiobraziliense.com.br\/capital-sa\/2023\/05\/18\/revisao-do-pdot-vai-criar-novas-areas-habitacionais\/","title":{"rendered":"Revis\u00e3o do Pdot vai criar novas \u00e1reas habitacionais"},"content":{"rendered":"<p class=\"p1\"><b>Por Samanta Sallum\u00a0<\/b><\/p>\n<p class=\"p1\"><span class=\"s1\">Foi oficialmente iniciado o processo de participa\u00e7\u00e3o da sociedade civil na revis\u00e3o da lei que cont\u00e9m o Plano Diretor de Ordenamento Territorial (Pdot) do DF. A legisla\u00e7\u00e3o em vigor \u00e9 de 2012. E h\u00e1 exig\u00eancia, definida em lei, de que o plano precisa ser atualizado a cada 10 anos. Regulariza\u00e7\u00e3o de ocupa\u00e7\u00f5es habitacionais j\u00e1 existentes, como o assentamento 26 de setembro, e a cria\u00e7\u00e3o de novas \u00e1reas para moradia de interesse social est\u00e3o entre os pontos principais do Pdot.<\/span><\/p>\n<p class=\"p1\"><span class=\"s1\">A coluna apurou que a previs\u00e3o \u00e9 de que este ano seja dedicado \u00e0s rodadas de participa\u00e7\u00e3o das comunidades para fechar o texto final da proposta, que<span class=\"Apple-converted-space\">\u00a0<\/span>ser\u00e1 encaminhado \u00e0 C\u00e2mara Legislativa no in\u00edcio de 2024.<\/span><\/p>\n<p class=\"p1\"><span class=\"s1\"><b>Oficinas participativas come\u00e7am em Vicente Pires <\/b><\/span><\/p>\n<p class=\"p1\"><span class=\"s1\">A Secretaria de Desenvolvimento Urbano e Habita\u00e7\u00e3o (Seduh) vai dar in\u00edcio a 53 oficinas participativas que ser\u00e3o realizadas em todas as regi\u00f5es administrativas. A primeira est\u00e1 agendada para<span class=\"Apple-converted-space\">\u00a0<\/span>27 de maio, em Vicente Pires, a partir das 9h, no Col\u00e9gio Liceu.<br \/>\n<\/span><\/p>\n<p class=\"p1\"><span class=\"s1\">&#8220;Queremos buscar as contribui\u00e7\u00f5es da popula\u00e7\u00e3o para o Pdot<\/span><span class=\"s1\">, identificando, principalmente, qual<span class=\"Apple-converted-space\">\u00a0<\/span>a voca\u00e7\u00e3o de cada regi\u00e3o: urbana, rural, comercial, residencial, entre outros perfis&#8221;, explicou o secret\u00e1rio de Desenvolvimento Urbano, Marcelo Vaz.<\/span><\/p>\n<p><img loading=\"lazy\" decoding=\"async\" class=\"aligncenter size-medium wp-image-12950\" src=\"https:\/\/blogs.correiobraziliense.com.br\/capital-sa\/wp-content\/uploads\/sites\/59\/2023\/05\/7E2BEFDD-E72B-4E57-9F32-1A49FE452639-295x300.jpeg\" alt=\"\" width=\"295\" height=\"300\" srcset=\"https:\/\/blogs.correiobraziliense.com.br\/capital-sa\/wp-content\/uploads\/sites\/59\/2023\/05\/7E2BEFDD-E72B-4E57-9F32-1A49FE452639-295x300.jpeg 295w, https:\/\/blogs.correiobraziliense.com.br\/capital-sa\/wp-content\/uploads\/sites\/59\/2023\/05\/7E2BEFDD-E72B-4E57-9F32-1A49FE452639-550x560.jpeg 550w, https:\/\/blogs.correiobraziliense.com.br\/capital-sa\/wp-content\/uploads\/sites\/59\/2023\/05\/7E2BEFDD-E72B-4E57-9F32-1A49FE452639-230x234.jpeg 230w, https:\/\/blogs.correiobraziliense.com.br\/capital-sa\/wp-content\/uploads\/sites\/59\/2023\/05\/7E2BEFDD-E72B-4E57-9F32-1A49FE452639.jpeg 600w\" sizes=\"auto, (max-width: 295px) 100vw, 295px\" \/><\/p>\n<p class=\"p1\"><span class=\"s1\"><b>PPCUB em agosto <\/b><\/span><\/p>\n<p class=\"p1\"><span class=\"s1\">J\u00e1 o Plano de Preserva\u00e7\u00e3o do Conjunto Urban\u00edstico de Bras\u00edlia (PPCUB) est\u00e1 em est\u00e1gio mais avan\u00e7ado. Deve ser entregue \u00e0 aprecia\u00e7\u00e3o dos deputados distritais em agosto.<br \/>\n<\/span><\/p>\n<p class=\"p1\"><span class=\"s1\">O texto, no momento, est\u00e1 sendo revisto pelo Iphan, depois dos ajustes feitos em decorr\u00eancia da audi\u00eancia p\u00fablica realizada em novembro passado. Em 40 dias, o \u00f3rg\u00e3o deve dar seu parecer, e uma \u00faltima audi\u00eancia p\u00fablica ser\u00e1 convocada para arrematar o projeto. <\/span><\/p>\n","protected":false},"excerpt":{"rendered":"<p>Por Samanta Sallum\u00a0 Foi oficialmente iniciado o processo de participa\u00e7\u00e3o da sociedade civil na revis\u00e3o da lei que cont\u00e9m o Plano Diretor de Ordenamento Territorial (Pdot) do DF. A legisla\u00e7\u00e3o em vigor \u00e9 de 2012. E h\u00e1 exig\u00eancia, definida em lei, de que o plano precisa ser atualizado a cada 10 anos. Regulariza\u00e7\u00e3o de ocupa\u00e7\u00f5es habitacionais j\u00e1 existentes, como o [&hellip;]<\/p>\n","protected":false},"author":125,"featured_media":12948,"comment_status":"open","ping_status":"open","sticky":false,"template":"","format":"standard","meta":{"footnotes":""},"categories":[6],"tags":[931,2045,566,639,568,2044],"class_list":["post-12945","post","type-post","status-publish","format-standard","has-post-thumbnail","hentry","category-coluna-capital-s-a","tag-apreciacao","tag-areashabitacionais","tag-iphan","tag-pdot","tag-ppcub","tag-revisao"],"_links":{"self":[{"href":"https:\/\/blogs.correiobraziliense.com.br\/capital-sa\/wp-json\/wp\/v2\/posts\/12945","targetHints":{"allow":["GET"]}}],"collection":[{"href":"https:\/\/blogs.correiobraziliense.com.br\/capital-sa\/wp-json\/wp\/v2\/posts"}],"about":[{"href":"https:\/\/blogs.correiobraziliense.com.br\/capital-sa\/wp-json\/wp\/v2\/types\/post"}],"author":[{"embeddable":true,"href":"https:\/\/blogs.correiobraziliense.com.br\/capital-sa\/wp-json\/wp\/v2\/users\/125"}],"replies":[{"embeddable":true,"href":"https:\/\/blogs.correiobraziliense.com.br\/capital-sa\/wp-json\/wp\/v2\/comments?post=12945"}],"version-history":[{"count":6,"href":"https:\/\/blogs.correiobraziliense.com.br\/capital-sa\/wp-json\/wp\/v2\/posts\/12945\/revisions"}],"predecessor-version":[{"id":12965,"href":"https:\/\/blogs.correiobraziliense.com.br\/capital-sa\/wp-json\/wp\/v2\/posts\/12945\/revisions\/12965"}],"wp:featuredmedia":[{"embeddable":true,"href":"https:\/\/blogs.correiobraziliense.com.br\/capital-sa\/wp-json\/wp\/v2\/media\/12948"}],"wp:attachment":[{"href":"https:\/\/blogs.correiobraziliense.com.br\/capital-sa\/wp-json\/wp\/v2\/media?parent=12945"}],"wp:term":[{"taxonomy":"category","embeddable":true,"href":"https:\/\/blogs.correiobraziliense.com.br\/capital-sa\/wp-json\/wp\/v2\/categories?post=12945"},{"taxonomy":"post_tag","embeddable":true,"href":"https:\/\/blogs.correiobraziliense.com.br\/capital-sa\/wp-json\/wp\/v2\/tags?post=12945"}],"curies":[{"name":"wp","href":"https:\/\/api.w.org\/{rel}","templated":true}]}}