{"id":12939,"date":"2023-05-17T22:52:21","date_gmt":"2023-05-18T01:52:21","guid":{"rendered":"https:\/\/blogs.correiobraziliense.com.br\/capital-sa\/?p=12939"},"modified":"2023-05-18T14:54:29","modified_gmt":"2023-05-18T17:54:29","slug":"mercado-de-seguros-aquecido","status":"publish","type":"post","link":"https:\/\/blogs.correiobraziliense.com.br\/capital-sa\/2023\/05\/17\/mercado-de-seguros-aquecido\/","title":{"rendered":"Mercado de seguros aquecido"},"content":{"rendered":"<p class=\"p1\"><b>Por Samanta Sallum\u00a0<\/b><\/p>\n<p class=\"p1\"><span class=\"s1\">O setor se mant\u00e9m aquecido em 2023, registrando R$ 32 bilh\u00f5es em pr\u00eamios no m\u00eas de mar\u00e7o. No segmento individual, a arrecada\u00e7\u00e3o chegou a R$ 1,6 bilh\u00e3o, crescimento de 13% em rela\u00e7\u00e3o ao mesmo per\u00edodo de 2022.<\/span><\/p>\n<p class=\"p1\"><span class=\"s1\"> Na Regi\u00e3o Centro-Oeste, a Prudential do Brasil vem mantendo o primeiro lugar no mercado segurador. Em mar\u00e7o, cresceu 22% e teve R$ 38 milh\u00f5es em pr\u00eamios emitidos na regi\u00e3o. Considerando apenas o Distrito Federal, o total de pr\u00eamios emitidos foi de R$ 14 milh\u00f5es, registrando um crescimento de 18% no estado em rela\u00e7\u00e3o a mar\u00e7o do ano passado. <\/span><\/p>\n<p class=\"p1\"><strong><span class=\"s1\">Potencial <\/span><\/strong><\/p>\n<p class=\"p1\"><span class=\"s1\">&#8220;O Centro-Oeste \u00e9 uma regi\u00e3o com grande potencial de crescimento. Desde a pandemia, a demanda por seguro de vida vem crescendo devido \u00e0 maior consci\u00eancia financeira e ao n\u00edvel de amadurecimento da popula\u00e7\u00e3o sobre o tema. Queremos continuar expandindo nossa atua\u00e7\u00e3o de forma s\u00f3lida e estrat\u00e9gica&#8221;, afirma Rodrigo Prosdocimi, vice-presidente Comercial da Prudential.<\/span><\/p>\n","protected":false},"excerpt":{"rendered":"<p>Por Samanta Sallum\u00a0 O setor se mant\u00e9m aquecido em 2023, registrando R$ 32 bilh\u00f5es em pr\u00eamios no m\u00eas de mar\u00e7o. No segmento individual, a arrecada\u00e7\u00e3o chegou a R$ 1,6 bilh\u00e3o, crescimento de 13% em rela\u00e7\u00e3o ao mesmo per\u00edodo de 2022. Na Regi\u00e3o Centro-Oeste, a Prudential do Brasil vem mantendo o primeiro lugar no mercado segurador. Em mar\u00e7o, cresceu 22% e [&hellip;]<\/p>\n","protected":false},"author":125,"featured_media":12943,"comment_status":"open","ping_status":"open","sticky":false,"template":"","format":"standard","meta":{"footnotes":""},"categories":[6],"tags":[2036,142,374,1580,2034,2035],"class_list":["post-12939","post","type-post","status-publish","format-standard","has-post-thumbnail","hentry","category-coluna-capital-s-a","tag-atuacao","tag-centro-oeste","tag-expansao","tag-mercado","tag-prudential","tag-seguros"],"_links":{"self":[{"href":"https:\/\/blogs.correiobraziliense.com.br\/capital-sa\/wp-json\/wp\/v2\/posts\/12939","targetHints":{"allow":["GET"]}}],"collection":[{"href":"https:\/\/blogs.correiobraziliense.com.br\/capital-sa\/wp-json\/wp\/v2\/posts"}],"about":[{"href":"https:\/\/blogs.correiobraziliense.com.br\/capital-sa\/wp-json\/wp\/v2\/types\/post"}],"author":[{"embeddable":true,"href":"https:\/\/blogs.correiobraziliense.com.br\/capital-sa\/wp-json\/wp\/v2\/users\/125"}],"replies":[{"embeddable":true,"href":"https:\/\/blogs.correiobraziliense.com.br\/capital-sa\/wp-json\/wp\/v2\/comments?post=12939"}],"version-history":[{"count":5,"href":"https:\/\/blogs.correiobraziliense.com.br\/capital-sa\/wp-json\/wp\/v2\/posts\/12939\/revisions"}],"predecessor-version":[{"id":12959,"href":"https:\/\/blogs.correiobraziliense.com.br\/capital-sa\/wp-json\/wp\/v2\/posts\/12939\/revisions\/12959"}],"wp:featuredmedia":[{"embeddable":true,"href":"https:\/\/blogs.correiobraziliense.com.br\/capital-sa\/wp-json\/wp\/v2\/media\/12943"}],"wp:attachment":[{"href":"https:\/\/blogs.correiobraziliense.com.br\/capital-sa\/wp-json\/wp\/v2\/media?parent=12939"}],"wp:term":[{"taxonomy":"category","embeddable":true,"href":"https:\/\/blogs.correiobraziliense.com.br\/capital-sa\/wp-json\/wp\/v2\/categories?post=12939"},{"taxonomy":"post_tag","embeddable":true,"href":"https:\/\/blogs.correiobraziliense.com.br\/capital-sa\/wp-json\/wp\/v2\/tags?post=12939"}],"curies":[{"name":"wp","href":"https:\/\/api.w.org\/{rel}","templated":true}]}}