{"id":12936,"date":"2023-05-18T09:50:18","date_gmt":"2023-05-18T12:50:18","guid":{"rendered":"https:\/\/blogs.correiobraziliense.com.br\/capital-sa\/?p=12936"},"modified":"2023-05-18T15:01:57","modified_gmt":"2023-05-18T18:01:57","slug":"inscricoes-para-programa-de-inovacao-com-foco-em-novas-energias","status":"publish","type":"post","link":"https:\/\/blogs.correiobraziliense.com.br\/capital-sa\/2023\/05\/18\/inscricoes-para-programa-de-inovacao-com-foco-em-novas-energias\/","title":{"rendered":"Inscri\u00e7\u00f5es para programa de inova\u00e7\u00e3o com foco em novas energias"},"content":{"rendered":"<p class=\"p1\"><b>Por Samanta Sallum\u00a0<\/b><\/p>\n<p class=\"p1\"><span class=\"s1\">A Ocyan, empresa do setor de \u00f3leo e g\u00e1s, est\u00e1 com inscri\u00e7\u00f5es abertas para seu programa de acelera\u00e7\u00e3o Ocyan Waves Booster 2023.<span class=\"Apple-converted-space\">\u00a0 <\/span>Este ano, quer atrair startups com foco em novas energias e servi\u00e7os digitais mais maduras, em fase de tra\u00e7\u00e3o (growth), ou seja, que j\u00e1 t\u00eam solu\u00e7\u00f5es j\u00e1 validadas para evoluir a agenda ESG e trazer oportunidades de novos neg\u00f3cios. <\/span><\/p>\n<p class=\"p1\"><strong><span class=\"s1\">Cadastro <\/span><\/strong><\/p>\n<p class=\"p1\"><span class=\"s1\">As startups com projetos alinhados \u00e0 transi\u00e7\u00e3o e efici\u00eancia energ\u00e9tica, gest\u00e3o de ativos operacionais e manuten\u00e7\u00e3o inteligente podem se cadastrar para o programa. As inscri\u00e7\u00f5es s\u00e3o feitas pelo site www.ocyanwaves.com\/booster at\u00e9 26 de maio. <\/span><\/p>\n<p class=\"p1\"><span class=\"s1\"><b>Mentoria<\/b><\/span><\/p>\n<p class=\"p1\"><span class=\"s1\">&#8220;Nesta edi\u00e7\u00e3o do programa, vamos oferecer mentoria com executivos especialistas, ampliar a visibilidade e o relacionamento dessas startups no setor de \u00d3leo&amp;G\u00e1s e proporcionar a experi\u00eancia de atuar com diferentes times da Ocyan, para que possam oferecer solu\u00e7\u00f5es conectadas com novas energias e servi\u00e7os digitais com valor agregado&#8221;, destaca Patr\u00edcia Grabowsky, gerente executiva de Inova\u00e7\u00e3o e Transforma\u00e7\u00e3o Digital da Ocyan. <\/span><\/p>\n","protected":false},"excerpt":{"rendered":"<p>Por Samanta Sallum\u00a0 A Ocyan, empresa do setor de \u00f3leo e g\u00e1s, est\u00e1 com inscri\u00e7\u00f5es abertas para seu programa de acelera\u00e7\u00e3o Ocyan Waves Booster 2023.\u00a0 Este ano, quer atrair startups com foco em novas energias e servi\u00e7os digitais mais maduras, em fase de tra\u00e7\u00e3o (growth), ou seja, que j\u00e1 t\u00eam solu\u00e7\u00f5es j\u00e1 validadas para evoluir a agenda ESG e trazer [&hellip;]<\/p>\n","protected":false},"author":125,"featured_media":12944,"comment_status":"open","ping_status":"open","sticky":false,"template":"","format":"standard","meta":{"footnotes":""},"categories":[6],"tags":[1513,2043,2042,517,2041,1315],"class_list":["post-12936","post","type-post","status-publish","format-standard","has-post-thumbnail","hentry","category-coluna-capital-s-a","tag-energia","tag-inscricao","tag-mentoria","tag-negocios","tag-ocyan","tag-startups"],"_links":{"self":[{"href":"https:\/\/blogs.correiobraziliense.com.br\/capital-sa\/wp-json\/wp\/v2\/posts\/12936","targetHints":{"allow":["GET"]}}],"collection":[{"href":"https:\/\/blogs.correiobraziliense.com.br\/capital-sa\/wp-json\/wp\/v2\/posts"}],"about":[{"href":"https:\/\/blogs.correiobraziliense.com.br\/capital-sa\/wp-json\/wp\/v2\/types\/post"}],"author":[{"embeddable":true,"href":"https:\/\/blogs.correiobraziliense.com.br\/capital-sa\/wp-json\/wp\/v2\/users\/125"}],"replies":[{"embeddable":true,"href":"https:\/\/blogs.correiobraziliense.com.br\/capital-sa\/wp-json\/wp\/v2\/comments?post=12936"}],"version-history":[{"count":4,"href":"https:\/\/blogs.correiobraziliense.com.br\/capital-sa\/wp-json\/wp\/v2\/posts\/12936\/revisions"}],"predecessor-version":[{"id":12963,"href":"https:\/\/blogs.correiobraziliense.com.br\/capital-sa\/wp-json\/wp\/v2\/posts\/12936\/revisions\/12963"}],"wp:featuredmedia":[{"embeddable":true,"href":"https:\/\/blogs.correiobraziliense.com.br\/capital-sa\/wp-json\/wp\/v2\/media\/12944"}],"wp:attachment":[{"href":"https:\/\/blogs.correiobraziliense.com.br\/capital-sa\/wp-json\/wp\/v2\/media?parent=12936"}],"wp:term":[{"taxonomy":"category","embeddable":true,"href":"https:\/\/blogs.correiobraziliense.com.br\/capital-sa\/wp-json\/wp\/v2\/categories?post=12936"},{"taxonomy":"post_tag","embeddable":true,"href":"https:\/\/blogs.correiobraziliense.com.br\/capital-sa\/wp-json\/wp\/v2\/tags?post=12936"}],"curies":[{"name":"wp","href":"https:\/\/api.w.org\/{rel}","templated":true}]}}