{"id":12931,"date":"2023-05-17T23:41:00","date_gmt":"2023-05-18T02:41:00","guid":{"rendered":"https:\/\/blogs.correiobraziliense.com.br\/capital-sa\/?p=12931"},"modified":"2023-05-18T20:57:07","modified_gmt":"2023-05-18T23:57:07","slug":"novidades-no-brasilia-palace-buffet-para-casamentos-e-almoco-executivo","status":"publish","type":"post","link":"https:\/\/blogs.correiobraziliense.com.br\/capital-sa\/2023\/05\/17\/novidades-no-brasilia-palace-buffet-para-casamentos-e-almoco-executivo\/","title":{"rendered":"Novidades no Bras\u00edlia Palace: buffet para casamentos e almo\u00e7o executivo"},"content":{"rendered":"<p class=\"p1\"><b>Por Samanta Sallum\u00a0<\/b><\/p>\n<p class=\"p1\"><span class=\"s1\">O Bras\u00edlia Palace anunciou novidades.\u00a0Um dos lugares mais buc\u00f3licos e cobi\u00e7ados para festas de casamento agora passa a oferecer o servi\u00e7o de buffet pr\u00f3prio. Os mais conceituados cerimonialistas da cidade foram convidados para um evento especial, na noite de segunda-feira, para conhecerem o novo servi\u00e7o.<\/span><\/p>\n<p class=\"p1\"><span class=\"s1\">Foi realizada uma recep\u00e7\u00e3o nos moldes das de casamento, com decora\u00e7\u00e3o, m\u00fasica e card\u00e1pio especiais. &#8220;\u00c9 mais um servi\u00e7o de excel\u00eancia que oferecemos. Uma op\u00e7\u00e3o de mais praticidade aos noivos poderem fechar<span class=\"Apple-converted-space\">\u00a0<\/span>v\u00e1rios servi\u00e7os necess\u00e1rios \u00e0 festa de casamento num contrato s\u00f3&#8221;, contou o gerente Comercial e de Marketing da Rede Plaza Bras\u00edlia, Saulo Borges.<\/span><\/p>\n<p class=\"p1\"><span class=\"s1\"><b>Menu variado\u00a0<\/b><\/span><\/p>\n<p class=\"p1\"><span class=\"s1\">A outra nova atra\u00e7\u00e3o \u00e9 que o restaurante Oscar inaugurou seu card\u00e1pio de almo\u00e7o executivo.<span class=\"Apple-converted-space\">\u00a0 <\/span>Criados pelo renomado chef Gerardo Costa, os sete pratos \u2013 duas entradas, tr\u00eas principais e duas sobremesas, para escolha \u2013 t\u00eam ingredientes como o cordeiro e o bacalhau.<\/span><\/p>\n<p class=\"p1\"><span class=\"s1\">O menu especial \u00e9 servido de domingo a sexta-feira por R$ 96 por pessoa.<\/span><\/p>\n<p>&nbsp;<\/p>\n","protected":false},"excerpt":{"rendered":"<p>Por Samanta Sallum\u00a0 O Bras\u00edlia Palace anunciou novidades.\u00a0Um dos lugares mais buc\u00f3licos e cobi\u00e7ados para festas de casamento agora passa a oferecer o servi\u00e7o de buffet pr\u00f3prio. Os mais conceituados cerimonialistas da cidade foram convidados para um evento especial, na noite de segunda-feira, para conhecerem o novo servi\u00e7o. Foi realizada uma recep\u00e7\u00e3o nos moldes das de casamento, com decora\u00e7\u00e3o, m\u00fasica [&hellip;]<\/p>\n","protected":false},"author":125,"featured_media":12935,"comment_status":"open","ping_status":"open","sticky":false,"template":"","format":"standard","meta":{"footnotes":""},"categories":[6],"tags":[2038,2037,2039,164,2040],"class_list":["post-12931","post","type-post","status-publish","format-standard","has-post-thumbnail","hentry","category-coluna-capital-s-a","tag-almocoexecutivo","tag-brasiliapalace","tag-buffet","tag-casamento","tag-menuvariado"],"_links":{"self":[{"href":"https:\/\/blogs.correiobraziliense.com.br\/capital-sa\/wp-json\/wp\/v2\/posts\/12931","targetHints":{"allow":["GET"]}}],"collection":[{"href":"https:\/\/blogs.correiobraziliense.com.br\/capital-sa\/wp-json\/wp\/v2\/posts"}],"about":[{"href":"https:\/\/blogs.correiobraziliense.com.br\/capital-sa\/wp-json\/wp\/v2\/types\/post"}],"author":[{"embeddable":true,"href":"https:\/\/blogs.correiobraziliense.com.br\/capital-sa\/wp-json\/wp\/v2\/users\/125"}],"replies":[{"embeddable":true,"href":"https:\/\/blogs.correiobraziliense.com.br\/capital-sa\/wp-json\/wp\/v2\/comments?post=12931"}],"version-history":[{"count":5,"href":"https:\/\/blogs.correiobraziliense.com.br\/capital-sa\/wp-json\/wp\/v2\/posts\/12931\/revisions"}],"predecessor-version":[{"id":12966,"href":"https:\/\/blogs.correiobraziliense.com.br\/capital-sa\/wp-json\/wp\/v2\/posts\/12931\/revisions\/12966"}],"wp:featuredmedia":[{"embeddable":true,"href":"https:\/\/blogs.correiobraziliense.com.br\/capital-sa\/wp-json\/wp\/v2\/media\/12935"}],"wp:attachment":[{"href":"https:\/\/blogs.correiobraziliense.com.br\/capital-sa\/wp-json\/wp\/v2\/media?parent=12931"}],"wp:term":[{"taxonomy":"category","embeddable":true,"href":"https:\/\/blogs.correiobraziliense.com.br\/capital-sa\/wp-json\/wp\/v2\/categories?post=12931"},{"taxonomy":"post_tag","embeddable":true,"href":"https:\/\/blogs.correiobraziliense.com.br\/capital-sa\/wp-json\/wp\/v2\/tags?post=12931"}],"curies":[{"name":"wp","href":"https:\/\/api.w.org\/{rel}","templated":true}]}}