{"id":12926,"date":"2023-05-17T22:26:48","date_gmt":"2023-05-18T01:26:48","guid":{"rendered":"https:\/\/blogs.correiobraziliense.com.br\/capital-sa\/?p=12926"},"modified":"2023-05-18T14:51:26","modified_gmt":"2023-05-18T17:51:26","slug":"lecionando-sobre-urbanismo","status":"publish","type":"post","link":"https:\/\/blogs.correiobraziliense.com.br\/capital-sa\/2023\/05\/17\/lecionando-sobre-urbanismo\/","title":{"rendered":"Lecionando sobre urbanismo"},"content":{"rendered":"<p class=\"p1\"><strong>Por Samanta Sallum\u00a0<\/strong><\/p>\n<p class=\"p1\">Apesar de optar por uma quarentena volunt\u00e1ria, o ex-secret\u00e1rio de Desenvolvimento Urbano do DF Mateus Oliveira aceitou o convite do UniCeub para ser professor do curso <i>Desenvolvimento Imobili\u00e1rio do DF &#8211; Casos Concretos. <\/i><\/p>\n<p class=\"p1\">O ex-integrante do GDF \u00e9 advogado h\u00e1 20 anos especializado em urbanismo. O curso ser\u00e1 realizado em oito s\u00e1bados. A maioria das vagas j\u00e1 foi preenchida. Mas ainda h\u00e1 algumas dispon\u00edveis.<\/p>\n<p>Mateus Oliveira, que tem mestrado no tema pela PUC\/SP, abrir\u00e1 a programa\u00e7\u00e3o, no pr\u00f3ximo s\u00e1bado, com a aula <b>Construindo as regras fundamentais para uso de terras: os casos da LUOS e do PPCUB.<\/b><\/p>\n","protected":false},"excerpt":{"rendered":"<p>Por Samanta Sallum\u00a0 Apesar de optar por uma quarentena volunt\u00e1ria, o ex-secret\u00e1rio de Desenvolvimento Urbano do DF Mateus Oliveira aceitou o convite do UniCeub para ser professor do curso Desenvolvimento Imobili\u00e1rio do DF &#8211; Casos Concretos. O ex-integrante do GDF \u00e9 advogado h\u00e1 20 anos especializado em urbanismo. O curso ser\u00e1 realizado em oito s\u00e1bados. A maioria das vagas j\u00e1 [&hellip;]<\/p>\n","protected":false},"author":125,"featured_media":12930,"comment_status":"open","ping_status":"open","sticky":false,"template":"","format":"standard","meta":{"footnotes":""},"categories":[6],"tags":[361,1545,2032,2033],"class_list":["post-12926","post","type-post","status-publish","format-standard","has-post-thumbnail","hentry","category-coluna-capital-s-a","tag-curso","tag-mateusoliveira","tag-uniceub","tag-urbanismo"],"_links":{"self":[{"href":"https:\/\/blogs.correiobraziliense.com.br\/capital-sa\/wp-json\/wp\/v2\/posts\/12926","targetHints":{"allow":["GET"]}}],"collection":[{"href":"https:\/\/blogs.correiobraziliense.com.br\/capital-sa\/wp-json\/wp\/v2\/posts"}],"about":[{"href":"https:\/\/blogs.correiobraziliense.com.br\/capital-sa\/wp-json\/wp\/v2\/types\/post"}],"author":[{"embeddable":true,"href":"https:\/\/blogs.correiobraziliense.com.br\/capital-sa\/wp-json\/wp\/v2\/users\/125"}],"replies":[{"embeddable":true,"href":"https:\/\/blogs.correiobraziliense.com.br\/capital-sa\/wp-json\/wp\/v2\/comments?post=12926"}],"version-history":[{"count":5,"href":"https:\/\/blogs.correiobraziliense.com.br\/capital-sa\/wp-json\/wp\/v2\/posts\/12926\/revisions"}],"predecessor-version":[{"id":12957,"href":"https:\/\/blogs.correiobraziliense.com.br\/capital-sa\/wp-json\/wp\/v2\/posts\/12926\/revisions\/12957"}],"wp:featuredmedia":[{"embeddable":true,"href":"https:\/\/blogs.correiobraziliense.com.br\/capital-sa\/wp-json\/wp\/v2\/media\/12930"}],"wp:attachment":[{"href":"https:\/\/blogs.correiobraziliense.com.br\/capital-sa\/wp-json\/wp\/v2\/media?parent=12926"}],"wp:term":[{"taxonomy":"category","embeddable":true,"href":"https:\/\/blogs.correiobraziliense.com.br\/capital-sa\/wp-json\/wp\/v2\/categories?post=12926"},{"taxonomy":"post_tag","embeddable":true,"href":"https:\/\/blogs.correiobraziliense.com.br\/capital-sa\/wp-json\/wp\/v2\/tags?post=12926"}],"curies":[{"name":"wp","href":"https:\/\/api.w.org\/{rel}","templated":true}]}}