{"id":12922,"date":"2023-05-17T20:45:08","date_gmt":"2023-05-17T23:45:08","guid":{"rendered":"https:\/\/blogs.correiobraziliense.com.br\/capital-sa\/?p=12922"},"modified":"2023-05-18T14:49:57","modified_gmt":"2023-05-18T17:49:57","slug":"cnc-afirma-a-pacheco-que-nao-tem-acordo-com-a-embratur","status":"publish","type":"post","link":"https:\/\/blogs.correiobraziliense.com.br\/capital-sa\/2023\/05\/17\/cnc-afirma-a-pacheco-que-nao-tem-acordo-com-a-embratur\/","title":{"rendered":"CNC afirma a Pacheco que &#8220;n\u00e3o tem acordo&#8221; com a Embratur"},"content":{"rendered":"<p class=\"p1\"><b>Por Samanta Sallum\u00a0<\/b><\/p>\n<p class=\"p1\"><span class=\"s1\">Nos corredores do Congresso Nacional, as informa\u00e7\u00f5es s\u00e3o de que o presidente da Embratur, Marcelo Freixo, estaria costurando um acordo para resolver o impasse na vota\u00e7\u00e3o do projeto que retira or\u00e7amento do Sesc e do Senac para a ag\u00eancia. O presidente da CNC, Jos\u00e9 Roberto Tadros, esteve hoje \u00e0 tarde com o presidente do Senado, Rodrigo Pacheco, e afirmou que n\u00e3o h\u00e1 chance de acordo. &#8220;Dinheiro privado n\u00e3o \u00e9 de uso p\u00fablico, o corte, al\u00e9m de inconstitucional, \u00e9 ilegal e imoral&#8221;, disse Tadros.<\/span><\/p>\n<p class=\"p1\"><span class=\"s1\">A CNC est\u00e1 fazendo grande mobiliza\u00e7\u00e3o para n\u00e3o perder recursos. Segunda a entidade, muitos empregos e a\u00e7\u00f5es na \u00e1rea social podem ser cortados. O presidente da confedera\u00e7\u00e3o se queixa por Freixo n\u00e3o ter procurado a entidade.<\/span><\/p>\n<p class=\"p1\"><span class=\"s1\">&#8220;Em momento algum, nos procurou para entender o Sistema e as verbas que s\u00e3o provisionadas, tanto para a manuten\u00e7\u00e3o das estruturas quanto para custeio e amplia\u00e7\u00f5es em curso. Pelo contr\u00e1rio, de forma<span class=\"Apple-converted-space\">\u00a0 <\/span>arbitr\u00e1ria, orquestrou a inser\u00e7\u00e3o desse jabuti na discuss\u00e3o&#8221;, criticou o presidente da CNC.<\/span><\/p>\n<p>O blog procurou Freixo, por meio da assessoria, e n\u00e3o teve resposta at\u00e9 o momento sobre a declara\u00e7\u00e3o do presidente da CNC.<\/p>\n<p>&nbsp;<\/p>\n","protected":false},"excerpt":{"rendered":"<p>Por Samanta Sallum\u00a0 Nos corredores do Congresso Nacional, as informa\u00e7\u00f5es s\u00e3o de que o presidente da Embratur, Marcelo Freixo, estaria costurando um acordo para resolver o impasse na vota\u00e7\u00e3o do projeto que retira or\u00e7amento do Sesc e do Senac para a ag\u00eancia. O presidente da CNC, Jos\u00e9 Roberto Tadros, esteve hoje \u00e0 tarde com o presidente do Senado, Rodrigo Pacheco, [&hellip;]<\/p>\n","protected":false},"author":125,"featured_media":12925,"comment_status":"open","ping_status":"open","sticky":false,"template":"","format":"standard","meta":{"footnotes":""},"categories":[6],"tags":[275,1989,504,156,62],"class_list":["post-12922","post","type-post","status-publish","format-standard","has-post-thumbnail","hentry","category-coluna-capital-s-a","tag-cnc","tag-embratur","tag-recursos","tag-senac","tag-sesc"],"_links":{"self":[{"href":"https:\/\/blogs.correiobraziliense.com.br\/capital-sa\/wp-json\/wp\/v2\/posts\/12922","targetHints":{"allow":["GET"]}}],"collection":[{"href":"https:\/\/blogs.correiobraziliense.com.br\/capital-sa\/wp-json\/wp\/v2\/posts"}],"about":[{"href":"https:\/\/blogs.correiobraziliense.com.br\/capital-sa\/wp-json\/wp\/v2\/types\/post"}],"author":[{"embeddable":true,"href":"https:\/\/blogs.correiobraziliense.com.br\/capital-sa\/wp-json\/wp\/v2\/users\/125"}],"replies":[{"embeddable":true,"href":"https:\/\/blogs.correiobraziliense.com.br\/capital-sa\/wp-json\/wp\/v2\/comments?post=12922"}],"version-history":[{"count":3,"href":"https:\/\/blogs.correiobraziliense.com.br\/capital-sa\/wp-json\/wp\/v2\/posts\/12922\/revisions"}],"predecessor-version":[{"id":12955,"href":"https:\/\/blogs.correiobraziliense.com.br\/capital-sa\/wp-json\/wp\/v2\/posts\/12922\/revisions\/12955"}],"wp:featuredmedia":[{"embeddable":true,"href":"https:\/\/blogs.correiobraziliense.com.br\/capital-sa\/wp-json\/wp\/v2\/media\/12925"}],"wp:attachment":[{"href":"https:\/\/blogs.correiobraziliense.com.br\/capital-sa\/wp-json\/wp\/v2\/media?parent=12922"}],"wp:term":[{"taxonomy":"category","embeddable":true,"href":"https:\/\/blogs.correiobraziliense.com.br\/capital-sa\/wp-json\/wp\/v2\/categories?post=12922"},{"taxonomy":"post_tag","embeddable":true,"href":"https:\/\/blogs.correiobraziliense.com.br\/capital-sa\/wp-json\/wp\/v2\/tags?post=12922"}],"curies":[{"name":"wp","href":"https:\/\/api.w.org\/{rel}","templated":true}]}}