{"id":12912,"date":"2023-05-17T14:50:32","date_gmt":"2023-05-17T17:50:32","guid":{"rendered":"https:\/\/blogs.correiobraziliense.com.br\/capital-sa\/?p=12912"},"modified":"2023-05-18T14:46:14","modified_gmt":"2023-05-18T17:46:14","slug":"sindiatacadista-pede-isencao-de-icms-para-medicamentos-oncologicos","status":"publish","type":"post","link":"https:\/\/blogs.correiobraziliense.com.br\/capital-sa\/2023\/05\/17\/sindiatacadista-pede-isencao-de-icms-para-medicamentos-oncologicos\/","title":{"rendered":"SindiAtacadista pede isen\u00e7\u00e3o de ICMS para medicamentos oncol\u00f3gicos"},"content":{"rendered":"<p class=\"p1\"><b>Por Samanta Sallum\u00a0<\/b><\/p>\n<p class=\"p1\"><span class=\"s1\">O presidente do Sindiatacadista, \u00c1lvaro Silveira J\u00fanior, esteve ontem na C\u00e2mara Legislativa do Distrito Federal com o presidente da Casa, deputado Wellington Luiz, para tratar da<span class=\"Apple-converted-space\">\u00a0i<\/span>sen\u00e7\u00e3o de ICMS de medicamentos usados no tratamento de c\u00e2ncer. Existe um conv\u00eanio no CONFAZ que permite que o DF e os estados concedam isen\u00e7\u00e3o para produtos oncol\u00f3gicos.<br \/>\n<\/span><\/p>\n<p class=\"p1\"><span class=\"s1\">Durante a audi\u00eancia, o presidente do Sindiatacadista pediu para que, via CLDF, coloque em vigor<span class=\"Apple-converted-space\">\u00a0 <\/span>na legisla\u00e7\u00e3o distrital o benef\u00edcio. Tamb\u00e9m participou do encontro o diretor do sindicato, Alaor Gomes.<\/span><\/p>\n<p class=\"p1\"><span class=\"s1\"><b>Redu\u00e7\u00e3o de pre\u00e7os <\/b><\/span><\/p>\n<p class=\"p1\"><span class=\"s1\">O Conv\u00eanio n\u00ba 162\/94 do CONFAZ autoriza a isen\u00e7\u00e3o do ICMS nas aquisi\u00e7\u00f5es dos medicamentos destinados ao tratamento de c\u00e2ncer. Recentemente, foram inclu\u00eddos novos medicamentos na autoriza\u00e7\u00e3o nacional. No entanto, a Secretaria de Fazendo do DF ainda n\u00e3o enviou o projeto para a C\u00e2mara.<\/span><\/p>\n<p class=\"p1\"><span class=\"s1\"> &#8220;Sabemos que quem tem c\u00e2ncer n\u00e3o pode esperar. Com a implementa\u00e7\u00e3o do ICMS zero para esses rem\u00e9dios, o custo deles vai baixar e ficar\u00e1 mais acess\u00edvel, principalmente para aqueles que t\u00eam dificuldade financeira&#8221;, alerta o presidente do Sindiatacadista.<\/span><\/p>\n","protected":false},"excerpt":{"rendered":"<p>Por Samanta Sallum\u00a0 O presidente do Sindiatacadista, \u00c1lvaro Silveira J\u00fanior, esteve ontem na C\u00e2mara Legislativa do Distrito Federal com o presidente da Casa, deputado Wellington Luiz, para tratar da\u00a0isen\u00e7\u00e3o de ICMS de medicamentos usados no tratamento de c\u00e2ncer. Existe um conv\u00eanio no CONFAZ que permite que o DF e os estados concedam isen\u00e7\u00e3o para produtos oncol\u00f3gicos. Durante a audi\u00eancia, o [&hellip;]<\/p>\n","protected":false},"author":125,"featured_media":12916,"comment_status":"open","ping_status":"open","sticky":false,"template":"","format":"standard","meta":{"footnotes":""},"categories":[6],"tags":[2031,378,810,2030,2029],"class_list":["post-12912","post","type-post","status-publish","format-standard","has-post-thumbnail","hentry","category-coluna-capital-s-a","tag-cancer","tag-icms","tag-medicamentos","tag-reducaodeprecos","tag-tratamento"],"_links":{"self":[{"href":"https:\/\/blogs.correiobraziliense.com.br\/capital-sa\/wp-json\/wp\/v2\/posts\/12912","targetHints":{"allow":["GET"]}}],"collection":[{"href":"https:\/\/blogs.correiobraziliense.com.br\/capital-sa\/wp-json\/wp\/v2\/posts"}],"about":[{"href":"https:\/\/blogs.correiobraziliense.com.br\/capital-sa\/wp-json\/wp\/v2\/types\/post"}],"author":[{"embeddable":true,"href":"https:\/\/blogs.correiobraziliense.com.br\/capital-sa\/wp-json\/wp\/v2\/users\/125"}],"replies":[{"embeddable":true,"href":"https:\/\/blogs.correiobraziliense.com.br\/capital-sa\/wp-json\/wp\/v2\/comments?post=12912"}],"version-history":[{"count":5,"href":"https:\/\/blogs.correiobraziliense.com.br\/capital-sa\/wp-json\/wp\/v2\/posts\/12912\/revisions"}],"predecessor-version":[{"id":12953,"href":"https:\/\/blogs.correiobraziliense.com.br\/capital-sa\/wp-json\/wp\/v2\/posts\/12912\/revisions\/12953"}],"wp:featuredmedia":[{"embeddable":true,"href":"https:\/\/blogs.correiobraziliense.com.br\/capital-sa\/wp-json\/wp\/v2\/media\/12916"}],"wp:attachment":[{"href":"https:\/\/blogs.correiobraziliense.com.br\/capital-sa\/wp-json\/wp\/v2\/media?parent=12912"}],"wp:term":[{"taxonomy":"category","embeddable":true,"href":"https:\/\/blogs.correiobraziliense.com.br\/capital-sa\/wp-json\/wp\/v2\/categories?post=12912"},{"taxonomy":"post_tag","embeddable":true,"href":"https:\/\/blogs.correiobraziliense.com.br\/capital-sa\/wp-json\/wp\/v2\/tags?post=12912"}],"curies":[{"name":"wp","href":"https:\/\/api.w.org\/{rel}","templated":true}]}}