{"id":12907,"date":"2023-05-17T14:19:21","date_gmt":"2023-05-17T17:19:21","guid":{"rendered":"https:\/\/blogs.correiobraziliense.com.br\/capital-sa\/?p=12907"},"modified":"2023-05-17T15:02:23","modified_gmt":"2023-05-17T18:02:23","slug":"pacheco-adia-votacao-de-projeto-que-corta-orcamento-do-sesc-e-senac","status":"publish","type":"post","link":"https:\/\/blogs.correiobraziliense.com.br\/capital-sa\/2023\/05\/17\/pacheco-adia-votacao-de-projeto-que-corta-orcamento-do-sesc-e-senac\/","title":{"rendered":"Pacheco adia vota\u00e7\u00e3o de projeto que corta or\u00e7amento do Sesc e do Senac"},"content":{"rendered":"<p style=\"padding-left: 30px;text-align: left\"><b>Por Samanta Sallum\u00a0<\/b><\/p>\n<p class=\"p1\">O senador Rodrigo Pacheco (PSD) tirou da pauta de vota\u00e7\u00e3o do Senado a MP, aprovada na C\u00e2mara, que transfere 5% dos recursos do Sesc e do Senac \u2014 o que d\u00e1 um total de R$ 450 milh\u00f5es \u2014 para a Embratur. O texto estava previsto para ser votado hoje. Mas a relatora, a senadora Daniela Ribeiro (PSD), pediu mais tempo.<\/p>\n<p class=\"p1\">A decis\u00e3o tamb\u00e9m est\u00e1 relacionada \u00e0 grande mobiliza\u00e7\u00e3o presencial do Sistema S feita ontem em todas as capitais do pa\u00eds contra a proposta. O abaixo-assinado tamb\u00e9m j\u00e1 chegou a 700 mil assinaturas.<\/p>\n<p class=\"p1\">Pacheco tamb\u00e9m teria dado o sinal para que o presidente da Embratur, Marcelo Freixo,\u00a0 tentasse, nestes pr\u00f3ximos dias, algum entendimento com a CNC.<\/p>\n<p class=\"p1\">J\u00e1 h\u00e1 25 recursos assinados por senadores pedindo a impugna\u00e7\u00e3o dos artigos que mexem no or\u00e7amento do Sesc e do Senac. Mas a mat\u00e9ria est\u00e1 prevista para voltar \u00e0 pauta de vota\u00e7\u00e3o na pr\u00f3xima ter\u00e7a.<\/p>\n","protected":false},"excerpt":{"rendered":"<p>Por Samanta Sallum\u00a0 O senador Rodrigo Pacheco (PSD) tirou da pauta de vota\u00e7\u00e3o do Senado a MP, aprovada na C\u00e2mara, que transfere 5% dos recursos do Sesc e do Senac \u2014 o que d\u00e1 um total de R$ 450 milh\u00f5es \u2014 para a Embratur. O texto estava previsto para ser votado hoje. Mas a relatora, a senadora Daniela Ribeiro (PSD), [&hellip;]<\/p>\n","protected":false},"author":125,"featured_media":12909,"comment_status":"open","ping_status":"open","sticky":false,"template":"","format":"standard","meta":{"footnotes":""},"categories":[6],"tags":[275,2028,2027,156,492,625,62],"class_list":["post-12907","post","type-post","status-publish","format-standard","has-post-thumbnail","hentry","category-coluna-capital-s-a","tag-cnc","tag-mp","tag-pauta","tag-senac","tag-senado","tag-votacao","tag-sesc"],"_links":{"self":[{"href":"https:\/\/blogs.correiobraziliense.com.br\/capital-sa\/wp-json\/wp\/v2\/posts\/12907","targetHints":{"allow":["GET"]}}],"collection":[{"href":"https:\/\/blogs.correiobraziliense.com.br\/capital-sa\/wp-json\/wp\/v2\/posts"}],"about":[{"href":"https:\/\/blogs.correiobraziliense.com.br\/capital-sa\/wp-json\/wp\/v2\/types\/post"}],"author":[{"embeddable":true,"href":"https:\/\/blogs.correiobraziliense.com.br\/capital-sa\/wp-json\/wp\/v2\/users\/125"}],"replies":[{"embeddable":true,"href":"https:\/\/blogs.correiobraziliense.com.br\/capital-sa\/wp-json\/wp\/v2\/comments?post=12907"}],"version-history":[{"count":4,"href":"https:\/\/blogs.correiobraziliense.com.br\/capital-sa\/wp-json\/wp\/v2\/posts\/12907\/revisions"}],"predecessor-version":[{"id":12917,"href":"https:\/\/blogs.correiobraziliense.com.br\/capital-sa\/wp-json\/wp\/v2\/posts\/12907\/revisions\/12917"}],"wp:featuredmedia":[{"embeddable":true,"href":"https:\/\/blogs.correiobraziliense.com.br\/capital-sa\/wp-json\/wp\/v2\/media\/12909"}],"wp:attachment":[{"href":"https:\/\/blogs.correiobraziliense.com.br\/capital-sa\/wp-json\/wp\/v2\/media?parent=12907"}],"wp:term":[{"taxonomy":"category","embeddable":true,"href":"https:\/\/blogs.correiobraziliense.com.br\/capital-sa\/wp-json\/wp\/v2\/categories?post=12907"},{"taxonomy":"post_tag","embeddable":true,"href":"https:\/\/blogs.correiobraziliense.com.br\/capital-sa\/wp-json\/wp\/v2\/tags?post=12907"}],"curies":[{"name":"wp","href":"https:\/\/api.w.org\/{rel}","templated":true}]}}