{"id":1290,"date":"2021-01-12T08:30:49","date_gmt":"2021-01-12T11:30:49","guid":{"rendered":"https:\/\/blogs.correiobraziliense.com.br\/capital-sa\/?p=1290"},"modified":"2021-01-12T08:29:01","modified_gmt":"2021-01-12T11:29:01","slug":"embrapa-faz-diagnostico-do-virus","status":"publish","type":"post","link":"https:\/\/blogs.correiobraziliense.com.br\/capital-sa\/2021\/01\/12\/embrapa-faz-diagnostico-do-virus\/","title":{"rendered":"Embrapa faz diagn\u00f3stico do v\u00edrus"},"content":{"rendered":"<p>A Embrapa entrou na linha de frente no combate \u00e0 pandemia. Est\u00e1 fazendo a an\u00e1lise laboratorial de exames para diagnosticar o novo coronav\u00edrus.\u00a0 Atualmente, dois laborat\u00f3rios, o de Campo Grande (MT) e o de Conc\u00f3rdia (SC), realizam o trabalho. S\u00e3o os \u00fanicos com o padr\u00e3o internacional de seguran\u00e7a NB3 \u2014 que permite a an\u00e1lise do v\u00edrus ativo.<\/p>\n<p><img loading=\"lazy\" decoding=\"async\" class=\"aligncenter size-medium wp-image-1292\" src=\"https:\/\/blogs.correiobraziliense.com.br\/capital-sa\/wp-content\/uploads\/sites\/59\/2021\/01\/h-1-300x206.jpg\" alt=\"\" width=\"300\" height=\"206\" srcset=\"https:\/\/blogs.correiobraziliense.com.br\/capital-sa\/wp-content\/uploads\/sites\/59\/2021\/01\/h-1-300x206.jpg 300w, https:\/\/blogs.correiobraziliense.com.br\/capital-sa\/wp-content\/uploads\/sites\/59\/2021\/01\/h-1-550x377.jpg 550w, https:\/\/blogs.correiobraziliense.com.br\/capital-sa\/wp-content\/uploads\/sites\/59\/2021\/01\/h-1-230x158.jpg 230w, https:\/\/blogs.correiobraziliense.com.br\/capital-sa\/wp-content\/uploads\/sites\/59\/2021\/01\/h-1.jpg 640w\" sizes=\"auto, (max-width: 300px) 100vw, 300px\" \/><\/p>\n<blockquote><p>\u201cS\u00e3o laborat\u00f3rios que analisam doen\u00e7as graves que podem atacar os animais. Temos os equipamentos\u00a0RTPCR que podem tamb\u00e9m identificar o coronav\u00edrus nas pessoas\u201d, explica o presidente da Embrapa, <strong>Celso Moretti<\/strong>.<\/p><\/blockquote>\n<h3>Ampliar capacidade<\/h3>\n<p>Ele adiantou \u00e0 coluna que o n\u00famero de diagn\u00f3sticos pode aumentar\u00a0em mais 5 vezes se o material enviado aos laborat\u00f3rios da Embrapa for com o v\u00edrus j\u00e1\u00a0plaqueado e inativo.\u00a0 \u201cPor enquanto, apenas dois dos nossos laborat\u00f3rios t\u00eam o n\u00edvel de seguran\u00e7a para receber o v\u00edrus ativo. Mas nossa capacidade \u00e9 bem maior para analisar o inativo. Temos centenas de laborat\u00f3rios pelo pa\u00eds\u201d, refor\u00e7a.<\/p>\n<p>No fim de dezembro, Moretti se reuniu com representantes dos minist\u00e9rios da Sa\u00fade e da Agricultura para tratar do assunto.<\/p>\n","protected":false},"excerpt":{"rendered":"<p>A Embrapa entrou na linha de frente no combate \u00e0 pandemia. Est\u00e1 fazendo a an\u00e1lise laboratorial de exames para diagnosticar o novo coronav\u00edrus.\u00a0 Atualmente, dois laborat\u00f3rios, o de Campo Grande (MT) e o de Conc\u00f3rdia (SC), realizam o trabalho. S\u00e3o os \u00fanicos com o padr\u00e3o internacional de seguran\u00e7a NB3 \u2014 que permite a an\u00e1lise do v\u00edrus ativo. \u201cS\u00e3o laborat\u00f3rios que [&hellip;]<\/p>\n","protected":false},"author":125,"featured_media":1295,"comment_status":"open","ping_status":"open","sticky":false,"template":"","format":"standard","meta":{"footnotes":""},"categories":[6],"tags":[441,436,440,438,439,437,67],"class_list":["post-1290","post","type-post","status-publish","format-standard","has-post-thumbnail","hentry","category-coluna-capital-s-a","tag-celsomoretti","tag-diagnostico","tag-laboratorios","tag-nb3","tag-seguranca","tag-virus","tag-embrapa"],"_links":{"self":[{"href":"https:\/\/blogs.correiobraziliense.com.br\/capital-sa\/wp-json\/wp\/v2\/posts\/1290","targetHints":{"allow":["GET"]}}],"collection":[{"href":"https:\/\/blogs.correiobraziliense.com.br\/capital-sa\/wp-json\/wp\/v2\/posts"}],"about":[{"href":"https:\/\/blogs.correiobraziliense.com.br\/capital-sa\/wp-json\/wp\/v2\/types\/post"}],"author":[{"embeddable":true,"href":"https:\/\/blogs.correiobraziliense.com.br\/capital-sa\/wp-json\/wp\/v2\/users\/125"}],"replies":[{"embeddable":true,"href":"https:\/\/blogs.correiobraziliense.com.br\/capital-sa\/wp-json\/wp\/v2\/comments?post=1290"}],"version-history":[{"count":3,"href":"https:\/\/blogs.correiobraziliense.com.br\/capital-sa\/wp-json\/wp\/v2\/posts\/1290\/revisions"}],"predecessor-version":[{"id":1294,"href":"https:\/\/blogs.correiobraziliense.com.br\/capital-sa\/wp-json\/wp\/v2\/posts\/1290\/revisions\/1294"}],"wp:featuredmedia":[{"embeddable":true,"href":"https:\/\/blogs.correiobraziliense.com.br\/capital-sa\/wp-json\/wp\/v2\/media\/1295"}],"wp:attachment":[{"href":"https:\/\/blogs.correiobraziliense.com.br\/capital-sa\/wp-json\/wp\/v2\/media?parent=1290"}],"wp:term":[{"taxonomy":"category","embeddable":true,"href":"https:\/\/blogs.correiobraziliense.com.br\/capital-sa\/wp-json\/wp\/v2\/categories?post=1290"},{"taxonomy":"post_tag","embeddable":true,"href":"https:\/\/blogs.correiobraziliense.com.br\/capital-sa\/wp-json\/wp\/v2\/tags?post=1290"}],"curies":[{"name":"wp","href":"https:\/\/api.w.org\/{rel}","templated":true}]}}