{"id":129,"date":"2020-10-09T08:44:12","date_gmt":"2020-10-09T11:44:12","guid":{"rendered":"https:\/\/blogs.correiobraziliense.com.br\/capital-sa\/?p=129"},"modified":"2020-10-09T08:44:36","modified_gmt":"2020-10-09T11:44:36","slug":"marca-de-bolsas-e-sapatos-confraria-alcancam-o-mercado-internacional","status":"publish","type":"post","link":"https:\/\/blogs.correiobraziliense.com.br\/capital-sa\/2020\/10\/09\/marca-de-bolsas-e-sapatos-confraria-alcancam-o-mercado-internacional\/","title":{"rendered":"Marca de bolsas e sapatos Confraria alcan\u00e7a o mercado internacional"},"content":{"rendered":"<p>As bolsas e sapatos da marca brasiliense Confraria est\u00e3o em mais de 100 pontos de venda no Brasil e do exterior. A linha de objetos para Casa, lan\u00e7ada h\u00e1 dois anos, \u00e9, hoje, vendida por 15 lojas de decora\u00e7\u00e3o f\u00edsica e on-line. Estados Unidos, Fran\u00e7a e Su\u00ed\u00e7a s\u00e3o pa\u00edses j\u00e1 compradores dos acess\u00f3rios exclusivos produzidos com a preocupa\u00e7\u00e3o na sustentabilidade.<\/p>\n<p>A empres\u00e1ria e designer Ana Paula Braga \u00c1vila e Silva, dona da marca, ser\u00e1 \u00fanica representante do DF num evento fechado de experi\u00eancia criativa, que promete render \u00f3timos neg\u00f3cios mundo afora.<\/p>\n<p><strong>Inspira\u00e7\u00e3o ind\u00edgena<\/strong><\/p>\n<p>Ana Paula vai a Trancoso, no Sul da Bahia, este m\u00eas, juntar-se a artistas, designers e mestres artes\u00e3os para desenvolver uma cole\u00e7\u00e3o a ser apresentada em 2021. A inspira\u00e7\u00e3o vir\u00e1 no interc\u00e2mbio de artesanato em aldeias da etnia Patax\u00f3 e a visita a Belmonte, cidade do mestre do design moveleiro e da arquitetura Zanine Caldas.<\/p>\n<h3><strong>Procura por colch\u00f5es durante a pandemia<\/strong><\/h3>\n<figure id=\"attachment_131\" aria-describedby=\"caption-attachment-131\" style=\"width: 1024px\" class=\"wp-caption alignleft\"><a href=\"https:\/\/blogs.correiobraziliense.com.br\/capital-sa\/wp-content\/uploads\/sites\/59\/2020\/10\/sebastiao.jpg\"><img loading=\"lazy\" decoding=\"async\" class=\"size-large wp-image-131\" src=\"https:\/\/blogs.correiobraziliense.com.br\/capital-sa\/wp-content\/uploads\/sites\/59\/2020\/10\/sebastiao-1024x555.jpg\" alt=\"\" width=\"1024\" height=\"555\" srcset=\"https:\/\/blogs.correiobraziliense.com.br\/capital-sa\/wp-content\/uploads\/sites\/59\/2020\/10\/sebastiao-1024x555.jpg 1024w, https:\/\/blogs.correiobraziliense.com.br\/capital-sa\/wp-content\/uploads\/sites\/59\/2020\/10\/sebastiao-300x163.jpg 300w, https:\/\/blogs.correiobraziliense.com.br\/capital-sa\/wp-content\/uploads\/sites\/59\/2020\/10\/sebastiao-768x416.jpg 768w, https:\/\/blogs.correiobraziliense.com.br\/capital-sa\/wp-content\/uploads\/sites\/59\/2020\/10\/sebastiao-550x298.jpg 550w, https:\/\/blogs.correiobraziliense.com.br\/capital-sa\/wp-content\/uploads\/sites\/59\/2020\/10\/sebastiao-230x125.jpg 230w, https:\/\/blogs.correiobraziliense.com.br\/capital-sa\/wp-content\/uploads\/sites\/59\/2020\/10\/sebastiao.jpg 1200w\" sizes=\"auto, (max-width: 1024px) 100vw, 1024px\" \/><\/a><figcaption id=\"caption-attachment-131\" class=\"wp-caption-text\">Cr\u00e9dito: Arquivo Pessoal.<\/figcaption><\/figure>\n<p>De junho a setembro, as vendas de colch\u00f5es cresceram 13%, mais que os 9% do mesmo per\u00edodo de 2019. Um colch\u00e3o de casal custa, em m\u00e9dia, R$ 2,8 mil. In\u00fameras fam\u00edlias reclusas, por causa da pandemia, decidiram investir em mais conforto para garantir um sono saud\u00e1vel.<\/p>\n<p><strong>Falta mat\u00e9ria prima<\/strong><\/p>\n<p>O vice-presidente do Sindicato do Com\u00e9rcio Varejista, Sebasti\u00e3o Abritta (foto), aponta que as 1.550 empresas de colch\u00f5es no DF enfrentam problemas de abastecimento. Falta mat\u00e9ria-prima nas ind\u00fastrias, como tecidos, espumas e molas, por exemplo. Colch\u00f5es sob medida s\u00e3o entregues entre 70 e 90 dias. Com a pandemia n\u00e3o deve acabar antes de dezembro, \u00e9 prov\u00e1vel que a expans\u00e3o nas vendas atinja 18% nos \u00faltimos tr\u00eas meses do ano, prev\u00ea ele.<\/p>\n<blockquote><p>\u201cEnquanto a regra atual de distanciamento imposta pelo GDF, sem nenhuma base cient\u00edfica, permanecer, os cinemas n\u00e3o abrir\u00e3o. \u00c9 uma regra totalmente equivocada, distinta do que foi adotado em todas outras cidades, e que inviabiliza a opera\u00e7\u00e3o\u201d<\/p>\n<p>afirma diretor executivo da Abraplex, Ant\u00f3nio Carlos Silva<\/p><\/blockquote>\n<h3>Em giro<\/h3>\n<p><strong>Milhares de im\u00f3veis em oferta no DF<\/strong><br \/>\nCerca de 350 imobili\u00e1rias e construtoras v\u00e3o participar do maior sal\u00e3o de ofertas do setor 100% on-line, de 20 a 30 deste m\u00eas. Todos os 10 mil im\u00f3veis ofertados no site especial do evento \u2014 salaodfimoveis.com \u2014 ter\u00e3o desconto autom\u00e1tico de 2%. Descontos adicionais \u2014 de at\u00e9 20% \u2014 poder\u00e3o ser oferecidos pelos vendedores.<\/p>\n<p><strong>Tudo on-line<\/strong><br \/>\nAt\u00e9 o processo de financiamento junto \u00e0 institui\u00e7\u00e3o financeira parceira do sal\u00e3o poder\u00e1 ser feito praticamente todo on-line. Os pre\u00e7os dos im\u00f3veis v\u00e3o de R$ 123 mil a R$ 40 milh\u00f5es, em praticamente todo o DF, o sal\u00e3o ter\u00e1 a parceria das principais entidades do mercado imobili\u00e1rio do DF.<\/p>\n<p><strong>Rota da Divers\u00e3o No Nicol\u00e2ndia<\/strong><br \/>\nO projeto Outubro Criativo, que envolve empresas da economia criativa no DF, tem programa\u00e7\u00e3o especial no s\u00e1bado. Para celebrar a reabertura do Parque Nicol\u00e2ndia, a Secretaria de Turismo do DF vai lan\u00e7ar a Rota da Divers\u00e3o, primeiro guia da cidade preparado exclusivamente para o turismo infantil.<\/p>\n<p><strong>Chance para quitar d\u00edvidas<\/strong><br \/>\nTerracap lan\u00e7ou campanha de renegocia\u00e7\u00e3o de d\u00edvidas, com desconto de at\u00e9 100% sobre multas e juros, nas taxas de ocupa\u00e7\u00e3o. Ser\u00e3o beneficiadas empresas que participaram dos programas de desenvolvimento econ\u00f4mico do GDF. A medida faz parte do programa de apoio ao empreendimento produtivo, o Desenvolve DF.<\/p>\n","protected":false},"excerpt":{"rendered":"<p>As bolsas e sapatos da marca brasiliense Confraria est\u00e3o em mais de 100 pontos de venda no Brasil e do exterior. A linha de objetos para Casa, lan\u00e7ada h\u00e1 dois anos, \u00e9, hoje, vendida por 15 lojas de decora\u00e7\u00e3o f\u00edsica e on-line. Estados Unidos, Fran\u00e7a e Su\u00ed\u00e7a s\u00e3o pa\u00edses j\u00e1 compradores dos acess\u00f3rios exclusivos produzidos com a preocupa\u00e7\u00e3o na sustentabilidade. [&hellip;]<\/p>\n","protected":false},"author":125,"featured_media":130,"comment_status":"open","ping_status":"open","sticky":false,"template":"","format":"standard","meta":{"footnotes":""},"categories":[1],"tags":[54,55,56],"class_list":["post-129","post","type-post","status-publish","format-standard","has-post-thumbnail","hentry","category-sem-categoria","tag-confraria","tag-moda","tag-sindivarejista"],"_links":{"self":[{"href":"https:\/\/blogs.correiobraziliense.com.br\/capital-sa\/wp-json\/wp\/v2\/posts\/129","targetHints":{"allow":["GET"]}}],"collection":[{"href":"https:\/\/blogs.correiobraziliense.com.br\/capital-sa\/wp-json\/wp\/v2\/posts"}],"about":[{"href":"https:\/\/blogs.correiobraziliense.com.br\/capital-sa\/wp-json\/wp\/v2\/types\/post"}],"author":[{"embeddable":true,"href":"https:\/\/blogs.correiobraziliense.com.br\/capital-sa\/wp-json\/wp\/v2\/users\/125"}],"replies":[{"embeddable":true,"href":"https:\/\/blogs.correiobraziliense.com.br\/capital-sa\/wp-json\/wp\/v2\/comments?post=129"}],"version-history":[{"count":2,"href":"https:\/\/blogs.correiobraziliense.com.br\/capital-sa\/wp-json\/wp\/v2\/posts\/129\/revisions"}],"predecessor-version":[{"id":133,"href":"https:\/\/blogs.correiobraziliense.com.br\/capital-sa\/wp-json\/wp\/v2\/posts\/129\/revisions\/133"}],"wp:featuredmedia":[{"embeddable":true,"href":"https:\/\/blogs.correiobraziliense.com.br\/capital-sa\/wp-json\/wp\/v2\/media\/130"}],"wp:attachment":[{"href":"https:\/\/blogs.correiobraziliense.com.br\/capital-sa\/wp-json\/wp\/v2\/media?parent=129"}],"wp:term":[{"taxonomy":"category","embeddable":true,"href":"https:\/\/blogs.correiobraziliense.com.br\/capital-sa\/wp-json\/wp\/v2\/categories?post=129"},{"taxonomy":"post_tag","embeddable":true,"href":"https:\/\/blogs.correiobraziliense.com.br\/capital-sa\/wp-json\/wp\/v2\/tags?post=129"}],"curies":[{"name":"wp","href":"https:\/\/api.w.org\/{rel}","templated":true}]}}