{"id":12876,"date":"2023-05-12T14:35:30","date_gmt":"2023-05-12T17:35:30","guid":{"rendered":"https:\/\/blogs.correiobraziliense.com.br\/capital-sa\/?p=12876"},"modified":"2023-05-13T15:56:51","modified_gmt":"2023-05-13T18:56:51","slug":"brasilia-entre-as-cidades-que-mais-esquecem-objetos-no-uber","status":"publish","type":"post","link":"https:\/\/blogs.correiobraziliense.com.br\/capital-sa\/2023\/05\/12\/brasilia-entre-as-cidades-que-mais-esquecem-objetos-no-uber\/","title":{"rendered":"Bras\u00edlia entre as cidades que  mais esquecem objetos no Uber"},"content":{"rendered":"<div><b>Por Samanta Sallum\u00a0<\/b><\/div>\n<div><span style=\"font-size: large\"><br \/>\nAlgumas regi\u00f5es do pa\u00eds se destacam como as mais esquecidas por serem onde as pessoas mais deixam objetos dentro dos ve\u00edculos parceiros do Uber. S\u00e3o Lu\u00eds (MA) ficou com o primeiro lugar em 2022. Bras\u00edlia (DF) foi a primeira da lista em 2021. Mas, no ano passado, ficou na 3\u00aa posi\u00e7\u00e3o. Itaja\u00ed (SC) apareceu em 2\u00ba lugar, \u00fanica que n\u00e3o \u00e9 a capital do seu estado. Vale lembrar que o levantamento feito pelo servi\u00e7o Achados e Perdidos do aplicativo leva em considera\u00e7\u00e3o dados proporcionais das cidades. O\u00a0hor\u00e1rio em que a maioria dos esquecimentos aconteceu foi entre as 21h e as 23h.<br \/>\n<\/span><\/div>\n<div><span style=\"font-size: large\"><span style=\"font-size: large\"><br \/>\n<b>Itens mais esquecidos em 2022:<\/b><\/span><\/span><\/div>\n<div><span style=\"font-size: large\"><span style=\"font-size: large\"><br \/>\n1. Mochilas<br \/>\n2. Roupas<br \/>\n3. Carteira ou bolsas<br \/>\n4. Celulares e\/ou c\u00e2meras fotogr\u00e1ficas<br \/>\n5. Fones de ouvido e\/ou caixinhas de som<br \/>\n6. Dinheiro<br \/>\n7. \u00d3culos<br \/>\n8. Guarda-chuvas<br \/>\n9. Joias, rel\u00f3gios e itens de maquiagem<br \/>\n10. Chaves<\/span><\/span><\/div>\n<div><\/div>\n<div><b>Surpresas<\/b><\/div>\n<div><\/div>\n<div><span style=\"font-size: large\">Plantas, carregador de oxig\u00eanio port\u00e1til, cartelas de ovos e perucas est\u00e3o entre itens inusitados deixados nos ve\u00edculos. Em 2022, tamb\u00e9m foi muito comum esquecer o par do chinelo, sapato ou t\u00eanis ap\u00f3s uma viagem\u00a0<\/span>em um ve\u00edculo da Uber.<\/div>\n","protected":false},"excerpt":{"rendered":"<p>Por Samanta Sallum\u00a0 Algumas regi\u00f5es do pa\u00eds se destacam como as mais esquecidas por serem onde as pessoas mais deixam objetos dentro dos ve\u00edculos parceiros do Uber. S\u00e3o Lu\u00eds (MA) ficou com o primeiro lugar em 2022. Bras\u00edlia (DF) foi a primeira da lista em 2021. Mas, no ano passado, ficou na 3\u00aa posi\u00e7\u00e3o. Itaja\u00ed (SC) apareceu em 2\u00ba lugar, [&hellip;]<\/p>\n","protected":false},"author":125,"featured_media":12881,"comment_status":"open","ping_status":"open","sticky":false,"template":"","format":"standard","meta":{"footnotes":""},"categories":[6],"tags":[124,2015,143,549],"class_list":["post-12876","post","type-post","status-publish","format-standard","has-post-thumbnail","hentry","category-coluna-capital-s-a","tag-brasilia","tag-objetosesquecidos","tag-pesquisa","tag-uber"],"_links":{"self":[{"href":"https:\/\/blogs.correiobraziliense.com.br\/capital-sa\/wp-json\/wp\/v2\/posts\/12876","targetHints":{"allow":["GET"]}}],"collection":[{"href":"https:\/\/blogs.correiobraziliense.com.br\/capital-sa\/wp-json\/wp\/v2\/posts"}],"about":[{"href":"https:\/\/blogs.correiobraziliense.com.br\/capital-sa\/wp-json\/wp\/v2\/types\/post"}],"author":[{"embeddable":true,"href":"https:\/\/blogs.correiobraziliense.com.br\/capital-sa\/wp-json\/wp\/v2\/users\/125"}],"replies":[{"embeddable":true,"href":"https:\/\/blogs.correiobraziliense.com.br\/capital-sa\/wp-json\/wp\/v2\/comments?post=12876"}],"version-history":[{"count":6,"href":"https:\/\/blogs.correiobraziliense.com.br\/capital-sa\/wp-json\/wp\/v2\/posts\/12876\/revisions"}],"predecessor-version":[{"id":12884,"href":"https:\/\/blogs.correiobraziliense.com.br\/capital-sa\/wp-json\/wp\/v2\/posts\/12876\/revisions\/12884"}],"wp:featuredmedia":[{"embeddable":true,"href":"https:\/\/blogs.correiobraziliense.com.br\/capital-sa\/wp-json\/wp\/v2\/media\/12881"}],"wp:attachment":[{"href":"https:\/\/blogs.correiobraziliense.com.br\/capital-sa\/wp-json\/wp\/v2\/media?parent=12876"}],"wp:term":[{"taxonomy":"category","embeddable":true,"href":"https:\/\/blogs.correiobraziliense.com.br\/capital-sa\/wp-json\/wp\/v2\/categories?post=12876"},{"taxonomy":"post_tag","embeddable":true,"href":"https:\/\/blogs.correiobraziliense.com.br\/capital-sa\/wp-json\/wp\/v2\/tags?post=12876"}],"curies":[{"name":"wp","href":"https:\/\/api.w.org\/{rel}","templated":true}]}}