{"id":1287,"date":"2021-01-12T08:27:49","date_gmt":"2021-01-12T11:27:49","guid":{"rendered":"https:\/\/blogs.correiobraziliense.com.br\/capital-sa\/?p=1287"},"modified":"2021-01-12T08:36:16","modified_gmt":"2021-01-12T11:36:16","slug":"janete-do-sabin-afirma-confianca-nas-vacinas-contra-a-covid-19","status":"publish","type":"post","link":"https:\/\/blogs.correiobraziliense.com.br\/capital-sa\/2021\/01\/12\/janete-do-sabin-afirma-confianca-nas-vacinas-contra-a-covid-19\/","title":{"rendered":"Janete do Sabin afirma confian\u00e7a nas vacinas contra a Covid-19"},"content":{"rendered":"<p>A cofundadora do grupo Sabin Janete Vaz afirma que as pessoas n\u00e3o devem ter medo das vacinas contra a Covid-19,\u00a0mas ela \u00e9 contra a obrigatoriedade da vacina\u00e7\u00e3o. Segundo Janete, sim, \u00e9 poss\u00edvel produzir uma vacina em t\u00e3o pouco tempo que tenha real efic\u00e1cia.<\/p>\n<p><img loading=\"lazy\" decoding=\"async\" class=\"aligncenter size-medium wp-image-1297\" src=\"https:\/\/blogs.correiobraziliense.com.br\/capital-sa\/wp-content\/uploads\/sites\/59\/2021\/01\/m-1-224x300.jpg\" alt=\"\" width=\"224\" height=\"300\" srcset=\"https:\/\/blogs.correiobraziliense.com.br\/capital-sa\/wp-content\/uploads\/sites\/59\/2021\/01\/m-1-224x300.jpg 224w, https:\/\/blogs.correiobraziliense.com.br\/capital-sa\/wp-content\/uploads\/sites\/59\/2021\/01\/m-1-230x308.jpg 230w, https:\/\/blogs.correiobraziliense.com.br\/capital-sa\/wp-content\/uploads\/sites\/59\/2021\/01\/m-1.jpg 261w\" sizes=\"auto, (max-width: 224px) 100vw, 224px\" \/><\/p>\n<blockquote><p>\u201cEssa rapidez se deve a a\u00e7\u00f5es concretas que possibilitam acelerar o processo de pesquisa, como o grande investimento de recursos, o foco concentrado de muitos cientistas no trabalho e a moderna tecnologia que dispomos na atualidade. Todas as vacinas que est\u00e3o sendo feitas s\u00e3o promissoras\u201d, destaca.\u00a0 \u201cMas sou contra a obriga\u00e7\u00e3o. Quem j\u00e1 teve a doen\u00e7a e se imunizou n\u00e3o precisa se vacinar\u201d, completa.<\/p><\/blockquote>\n<h3>Bioqu\u00edmica<\/h3>\n<p>Janete, que \u00e9 bioqu\u00edmica e trabalhou no in\u00edcio da carreira na rede p\u00fablica de sa\u00fade, defende o sistema de pesquisa e o rigor dos \u00f3rg\u00e3os brasileiros no setor.\u00a0 \u201cA Anvisa n\u00e3o vai liberar uma vacina duvidosa. E temos o melhor sistema de sa\u00fade e log\u00edstica de vacina\u00e7\u00e3o do mundo. S\u00e3o 36 mil postos espalhados pelo pa\u00eds\u201d, refor\u00e7a.<\/p>\n<h3>Compet\u00eancia brasileira<\/h3>\n<p>Janete refor\u00e7a a compet\u00eancia dos institutos de pesquisa cient\u00edfica do pa\u00eds.<\/p>\n<blockquote><p>\u201cO Butant\u00e3 e a Fiocruz s\u00e3o reconhecidos internacionalmente\u00a0h\u00e1 muito tempo. Merecem nossa total confian\u00e7a\u201d, diz.<\/p><\/blockquote>\n<h3>Rea\u00e7\u00f5es adversas<\/h3>\n<p>A bioqu\u00edmica explica que toda vacina tem rea\u00e7\u00f5es adversas, num percentual pequeno, mas que, sim, h\u00e1 muitas d\u00favidas a serem ainda esclarecidas sobre\u00a0o comportamento do v\u00edrus. \u201cPor\u00e9m a vacina tem de estar dispon\u00edvel\u201d, refor\u00e7a.<\/p>\n<h3>Lideran\u00e7a empresarial<\/h3>\n<p>Como forte lideran\u00e7a empresarial no DF e no pa\u00eds, Janete afirma\u00a0que a vacina\u00e7\u00e3o \u00e9 de extrema import\u00e2ncia para a retomada da economia. \u201cS\u00f3 assim teremos tranquilidade nas atividades econ\u00f4micas, e especialmente as pessoas ter\u00e3o a liberdade de voltar \u00e0s suas vidas, pois estamos num isolamento nunca antes vivido.\u201d Ela esclarece que ainda\u00a0vai demorar para chegar \u00e0 rede privada, pois a prioridade ser\u00e1 o abastecimento da rede p\u00fablica.<\/p>\n<p>&nbsp;<\/p>\n","protected":false},"excerpt":{"rendered":"<p>A cofundadora do grupo Sabin Janete Vaz afirma que as pessoas n\u00e3o devem ter medo das vacinas contra a Covid-19,\u00a0mas ela \u00e9 contra a obrigatoriedade da vacina\u00e7\u00e3o. Segundo Janete, sim, \u00e9 poss\u00edvel produzir uma vacina em t\u00e3o pouco tempo que tenha real efic\u00e1cia. \u201cEssa rapidez se deve a a\u00e7\u00f5es concretas que possibilitam acelerar o processo de pesquisa, como o grande [&hellip;]<\/p>\n","protected":false},"author":125,"featured_media":1293,"comment_status":"open","ping_status":"open","sticky":false,"template":"","format":"standard","meta":{"footnotes":""},"categories":[6],"tags":[432,434,224,276,435,250,433,200,308],"class_list":["post-1287","post","type-post","status-publish","format-standard","has-post-thumbnail","hentry","category-coluna-capital-s-a","tag-bioquimica","tag-butanta","tag-covid-19","tag-economia","tag-fiocruz","tag-janetevaz","tag-laboratoriosabin","tag-retomada","tag-vacina"],"_links":{"self":[{"href":"https:\/\/blogs.correiobraziliense.com.br\/capital-sa\/wp-json\/wp\/v2\/posts\/1287","targetHints":{"allow":["GET"]}}],"collection":[{"href":"https:\/\/blogs.correiobraziliense.com.br\/capital-sa\/wp-json\/wp\/v2\/posts"}],"about":[{"href":"https:\/\/blogs.correiobraziliense.com.br\/capital-sa\/wp-json\/wp\/v2\/types\/post"}],"author":[{"embeddable":true,"href":"https:\/\/blogs.correiobraziliense.com.br\/capital-sa\/wp-json\/wp\/v2\/users\/125"}],"replies":[{"embeddable":true,"href":"https:\/\/blogs.correiobraziliense.com.br\/capital-sa\/wp-json\/wp\/v2\/comments?post=1287"}],"version-history":[{"count":3,"href":"https:\/\/blogs.correiobraziliense.com.br\/capital-sa\/wp-json\/wp\/v2\/posts\/1287\/revisions"}],"predecessor-version":[{"id":1298,"href":"https:\/\/blogs.correiobraziliense.com.br\/capital-sa\/wp-json\/wp\/v2\/posts\/1287\/revisions\/1298"}],"wp:featuredmedia":[{"embeddable":true,"href":"https:\/\/blogs.correiobraziliense.com.br\/capital-sa\/wp-json\/wp\/v2\/media\/1293"}],"wp:attachment":[{"href":"https:\/\/blogs.correiobraziliense.com.br\/capital-sa\/wp-json\/wp\/v2\/media?parent=1287"}],"wp:term":[{"taxonomy":"category","embeddable":true,"href":"https:\/\/blogs.correiobraziliense.com.br\/capital-sa\/wp-json\/wp\/v2\/categories?post=1287"},{"taxonomy":"post_tag","embeddable":true,"href":"https:\/\/blogs.correiobraziliense.com.br\/capital-sa\/wp-json\/wp\/v2\/tags?post=1287"}],"curies":[{"name":"wp","href":"https:\/\/api.w.org\/{rel}","templated":true}]}}