{"id":12868,"date":"2023-05-12T14:11:30","date_gmt":"2023-05-12T17:11:30","guid":{"rendered":"https:\/\/blogs.correiobraziliense.com.br\/capital-sa\/?p=12868"},"modified":"2023-05-13T15:59:53","modified_gmt":"2023-05-13T18:59:53","slug":"lancamento-da-frente-parlamentar-do-comercio-internacional-no-itamaraty","status":"publish","type":"post","link":"https:\/\/blogs.correiobraziliense.com.br\/capital-sa\/2023\/05\/12\/lancamento-da-frente-parlamentar-do-comercio-internacional-no-itamaraty\/","title":{"rendered":"Lan\u00e7amento da Frente Parlamentar do Com\u00e9rcio Internacional no Itamaraty"},"content":{"rendered":"<p style=\"text-align: left\"><strong>Por Samanta Sallum<\/strong><\/p>\n<p>Foi lan\u00e7ada, no Pal\u00e1cio do Itamaraty, a Frente Parlamentar Mista do Com\u00e9rcio Internacional e do Investimento (FrenCOMEX). A presid\u00eancia ser\u00e1 do deputado Da Vit\u00f3ria (PP\/ES), e a vice-presid\u00eancia do senador Nelsinho Trad (PSD\/MS). O secret\u00e1rio de Rela\u00e7\u00f5es Internacionais do GDF, Paco Britto, participou do evento a convite do ministro de Rela\u00e7\u00f5es Exteriores, embaixador Mauro Vieira. Paco foi recebido tamb\u00e9m pela secret\u00e1ria-geral das Rela\u00e7\u00f5es Exteriores, Maria Laura da Rocha.<\/p>\n<p><b>Sem bancada do DF<\/b><\/p>\n<p>A FrenCOMEX tem o foco em estreitar o di\u00e1logo com o setor produtivo do pa\u00eds para o desenvolvimento do com\u00e9rcio exterior e \u00e9 composta, al\u00e9m de parlamentares, por representantes do Instituto Brasileiro de Com\u00e9rcio, Internacionaliza\u00e7\u00e3o e Investimentos (IBCI). Nenhum parlamentar do DF faz parte da Frente.<\/p>\n<p>Quem esteve no evento foi Rodrigo Rollemberg, secret\u00e1rio de Economia Verde do MDIC. O 2o vice-presidente da C\u00e2mara dos Deputados, deputado Sostenes Cavalcante (PL\/RJ), participou tamb\u00e9m da solenidade.<\/p>\n<p><b>Nicar\u00e1gua<\/b><\/p>\n<p class=\"p1\"><span class=\"s1\">O secret\u00e1rio de Rela\u00e7\u00f5es<span class=\"Apple-converted-space\">\u00a0 <\/span>Internacionais, Paco Britto, se encontrou com o embaixador da Nicar\u00e1gua, Gadiel Osmani Arce Zepeda. A reuni\u00e3o teve como pauta principal o fomento ao com\u00e9rcio exterior e ao turismo.<\/span><\/p>\n<p><img loading=\"lazy\" decoding=\"async\" class=\"aligncenter size-medium wp-image-12874\" src=\"https:\/\/blogs.correiobraziliense.com.br\/capital-sa\/wp-content\/uploads\/sites\/59\/2023\/05\/7E1C422C-BF48-45CE-986D-9FDFB4A52558-300x200.jpeg\" alt=\"\" width=\"300\" height=\"200\" srcset=\"https:\/\/blogs.correiobraziliense.com.br\/capital-sa\/wp-content\/uploads\/sites\/59\/2023\/05\/7E1C422C-BF48-45CE-986D-9FDFB4A52558-300x200.jpeg 300w, https:\/\/blogs.correiobraziliense.com.br\/capital-sa\/wp-content\/uploads\/sites\/59\/2023\/05\/7E1C422C-BF48-45CE-986D-9FDFB4A52558-768x513.jpeg 768w, https:\/\/blogs.correiobraziliense.com.br\/capital-sa\/wp-content\/uploads\/sites\/59\/2023\/05\/7E1C422C-BF48-45CE-986D-9FDFB4A52558-1024x683.jpeg 1024w, https:\/\/blogs.correiobraziliense.com.br\/capital-sa\/wp-content\/uploads\/sites\/59\/2023\/05\/7E1C422C-BF48-45CE-986D-9FDFB4A52558-800x534.jpeg 800w, https:\/\/blogs.correiobraziliense.com.br\/capital-sa\/wp-content\/uploads\/sites\/59\/2023\/05\/7E1C422C-BF48-45CE-986D-9FDFB4A52558-550x367.jpeg 550w, https:\/\/blogs.correiobraziliense.com.br\/capital-sa\/wp-content\/uploads\/sites\/59\/2023\/05\/7E1C422C-BF48-45CE-986D-9FDFB4A52558-230x154.jpeg 230w, https:\/\/blogs.correiobraziliense.com.br\/capital-sa\/wp-content\/uploads\/sites\/59\/2023\/05\/7E1C422C-BF48-45CE-986D-9FDFB4A52558.jpeg 1245w\" sizes=\"auto, (max-width: 300px) 100vw, 300px\" \/><\/p>\n<p class=\"p1\"><span class=\"s1\">Paco apontou que as empresas do DF t\u00eam total interesse na exporta\u00e7\u00e3o de seus produtos para os pa\u00edses que comp\u00f5em o SICA &#8211; uma alian\u00e7a de estados com os atuais 8 membros em Am\u00e9rica Central e Caribe. O embaixador foi receptivo, e as tratativas ser\u00e3o oficialmente iniciadas.<\/span><\/p>\n","protected":false},"excerpt":{"rendered":"<p>Por Samanta Sallum Foi lan\u00e7ada, no Pal\u00e1cio do Itamaraty, a Frente Parlamentar Mista do Com\u00e9rcio Internacional e do Investimento (FrenCOMEX). A presid\u00eancia ser\u00e1 do deputado Da Vit\u00f3ria (PP\/ES), e a vice-presid\u00eancia do senador Nelsinho Trad (PSD\/MS). O secret\u00e1rio de Rela\u00e7\u00f5es Internacionais do GDF, Paco Britto, participou do evento a convite do ministro de Rela\u00e7\u00f5es Exteriores, embaixador Mauro Vieira. Paco foi [&hellip;]<\/p>\n","protected":false},"author":125,"featured_media":12871,"comment_status":"open","ping_status":"open","sticky":false,"template":"","format":"standard","meta":{"footnotes":""},"categories":[6],"tags":[2017,2016,1932],"class_list":["post-12868","post","type-post","status-publish","format-standard","has-post-thumbnail","hentry","category-coluna-capital-s-a","tag-frencomex","tag-frenteparlamentar","tag-lancamento"],"_links":{"self":[{"href":"https:\/\/blogs.correiobraziliense.com.br\/capital-sa\/wp-json\/wp\/v2\/posts\/12868","targetHints":{"allow":["GET"]}}],"collection":[{"href":"https:\/\/blogs.correiobraziliense.com.br\/capital-sa\/wp-json\/wp\/v2\/posts"}],"about":[{"href":"https:\/\/blogs.correiobraziliense.com.br\/capital-sa\/wp-json\/wp\/v2\/types\/post"}],"author":[{"embeddable":true,"href":"https:\/\/blogs.correiobraziliense.com.br\/capital-sa\/wp-json\/wp\/v2\/users\/125"}],"replies":[{"embeddable":true,"href":"https:\/\/blogs.correiobraziliense.com.br\/capital-sa\/wp-json\/wp\/v2\/comments?post=12868"}],"version-history":[{"count":7,"href":"https:\/\/blogs.correiobraziliense.com.br\/capital-sa\/wp-json\/wp\/v2\/posts\/12868\/revisions"}],"predecessor-version":[{"id":12886,"href":"https:\/\/blogs.correiobraziliense.com.br\/capital-sa\/wp-json\/wp\/v2\/posts\/12868\/revisions\/12886"}],"wp:featuredmedia":[{"embeddable":true,"href":"https:\/\/blogs.correiobraziliense.com.br\/capital-sa\/wp-json\/wp\/v2\/media\/12871"}],"wp:attachment":[{"href":"https:\/\/blogs.correiobraziliense.com.br\/capital-sa\/wp-json\/wp\/v2\/media?parent=12868"}],"wp:term":[{"taxonomy":"category","embeddable":true,"href":"https:\/\/blogs.correiobraziliense.com.br\/capital-sa\/wp-json\/wp\/v2\/categories?post=12868"},{"taxonomy":"post_tag","embeddable":true,"href":"https:\/\/blogs.correiobraziliense.com.br\/capital-sa\/wp-json\/wp\/v2\/tags?post=12868"}],"curies":[{"name":"wp","href":"https:\/\/api.w.org\/{rel}","templated":true}]}}