{"id":12800,"date":"2023-05-09T14:00:13","date_gmt":"2023-05-09T17:00:13","guid":{"rendered":"https:\/\/blogs.correiobraziliense.com.br\/capital-sa\/?p=12800"},"modified":"2023-05-11T10:35:05","modified_gmt":"2023-05-11T13:35:05","slug":"adalberto-valadao-lidera-chapa-unica-para-o-sinduscon-df","status":"publish","type":"post","link":"https:\/\/blogs.correiobraziliense.com.br\/capital-sa\/2023\/05\/09\/adalberto-valadao-lidera-chapa-unica-para-o-sinduscon-df\/","title":{"rendered":"Adalberto Valad\u00e3o Jr lidera chapa \u00fanica para o Sinduscon\/DF"},"content":{"rendered":"<p class=\"p1\"><b>Por Samanta Sallum\u00a0<\/b><\/p>\n<p class=\"p1\"><span class=\"s2\">O Sindicato da Ind\u00fastria da Constru\u00e7\u00e3o Civil (Sinduscon\/DF) realiza na<span class=\"Apple-converted-space\">\u00a0<\/span>pr\u00f3xima segunda-feira elei\u00e7\u00e3o para definir a nova diretoria representativa do setor do Distrito Federal. A gest\u00e3o ser\u00e1 para o bi\u00eanio de 2023-2025. Por consenso, ser\u00e1 chapa \u00fanica que leva o nome &#8220;Um passo a mais&#8221;, liderada pelo empres\u00e1rio Adalberto Valad\u00e3o J\u00fanior, acompanhado de Jo\u00e3o Gilberto de Carvalho Accioly, como 1\u00b0 vice-presidente e Ruyter Kepler de Thuin como vice-presidente administrativo-financeiro. A vota\u00e7\u00e3o ser\u00e1 on-line.<\/span><\/p>\n<p class=\"p1\"><span class=\"s2\"><b>Seconci-DF<\/b><\/span><\/p>\n<p class=\"p1\"><span class=\"s2\">No mesmo per\u00edodo, tamb\u00e9m acontecem as elei\u00e7\u00f5es para a diretoria do Servi\u00e7o Social da Ind\u00fastria da Constru\u00e7\u00e3o Civil (Seconci-DF). A chapa &#8220;Seconci PRESENTE&#8221; ser\u00e1 representada por Carlos Eug\u00eanio de Faria Franco, como presidente; Luiz Fernando Souto de Azambuja como 1\u00b0 vice-presidente e Carlos Ant\u00f4nio da Silva Filho como 2\u00b0 vice-presidente.<\/span><\/p>\n","protected":false},"excerpt":{"rendered":"<p>Por Samanta Sallum\u00a0 O Sindicato da Ind\u00fastria da Constru\u00e7\u00e3o Civil (Sinduscon\/DF) realiza na\u00a0pr\u00f3xima segunda-feira elei\u00e7\u00e3o para definir a nova diretoria representativa do setor do Distrito Federal. A gest\u00e3o ser\u00e1 para o bi\u00eanio de 2023-2025. Por consenso, ser\u00e1 chapa \u00fanica que leva o nome &#8220;Um passo a mais&#8221;, liderada pelo empres\u00e1rio Adalberto Valad\u00e3o J\u00fanior, acompanhado de Jo\u00e3o Gilberto de Carvalho Accioly, [&hellip;]<\/p>\n","protected":false},"author":125,"featured_media":12803,"comment_status":"open","ping_status":"open","sticky":false,"template":"","format":"standard","meta":{"footnotes":""},"categories":[6],"tags":[855,1577,1022],"class_list":["post-12800","post","type-post","status-publish","format-standard","has-post-thumbnail","hentry","category-coluna-capital-s-a","tag-eleicao","tag-seconci-df","tag-sinduscon"],"_links":{"self":[{"href":"https:\/\/blogs.correiobraziliense.com.br\/capital-sa\/wp-json\/wp\/v2\/posts\/12800","targetHints":{"allow":["GET"]}}],"collection":[{"href":"https:\/\/blogs.correiobraziliense.com.br\/capital-sa\/wp-json\/wp\/v2\/posts"}],"about":[{"href":"https:\/\/blogs.correiobraziliense.com.br\/capital-sa\/wp-json\/wp\/v2\/types\/post"}],"author":[{"embeddable":true,"href":"https:\/\/blogs.correiobraziliense.com.br\/capital-sa\/wp-json\/wp\/v2\/users\/125"}],"replies":[{"embeddable":true,"href":"https:\/\/blogs.correiobraziliense.com.br\/capital-sa\/wp-json\/wp\/v2\/comments?post=12800"}],"version-history":[{"count":5,"href":"https:\/\/blogs.correiobraziliense.com.br\/capital-sa\/wp-json\/wp\/v2\/posts\/12800\/revisions"}],"predecessor-version":[{"id":12852,"href":"https:\/\/blogs.correiobraziliense.com.br\/capital-sa\/wp-json\/wp\/v2\/posts\/12800\/revisions\/12852"}],"wp:featuredmedia":[{"embeddable":true,"href":"https:\/\/blogs.correiobraziliense.com.br\/capital-sa\/wp-json\/wp\/v2\/media\/12803"}],"wp:attachment":[{"href":"https:\/\/blogs.correiobraziliense.com.br\/capital-sa\/wp-json\/wp\/v2\/media?parent=12800"}],"wp:term":[{"taxonomy":"category","embeddable":true,"href":"https:\/\/blogs.correiobraziliense.com.br\/capital-sa\/wp-json\/wp\/v2\/categories?post=12800"},{"taxonomy":"post_tag","embeddable":true,"href":"https:\/\/blogs.correiobraziliense.com.br\/capital-sa\/wp-json\/wp\/v2\/tags?post=12800"}],"curies":[{"name":"wp","href":"https:\/\/api.w.org\/{rel}","templated":true}]}}