{"id":12798,"date":"2023-05-09T14:23:03","date_gmt":"2023-05-09T17:23:03","guid":{"rendered":"https:\/\/blogs.correiobraziliense.com.br\/capital-sa\/?p=12798"},"modified":"2023-06-13T10:57:23","modified_gmt":"2023-06-13T13:57:23","slug":"cinco-professores-do-df-sao-finalistas-de-premio-para-educacao-empreendedora","status":"publish","type":"post","link":"https:\/\/blogs.correiobraziliense.com.br\/capital-sa\/2023\/05\/09\/cinco-professores-do-df-sao-finalistas-de-premio-para-educacao-empreendedora\/","title":{"rendered":"Cinco professores do DF s\u00e3o finalistas de Pr\u00eamio para Educa\u00e7\u00e3o Empreendedora"},"content":{"rendered":"<div><\/div>\n<div><strong><span style=\"font-size: large\">Por Samanta Sallum\u00a0<\/span><\/strong><\/div>\n<div><span style=\"font-size: large\"><span style=\"font-size: large\"><span style=\"font-size: large\"><br \/>\nExperi\u00eancias de educa\u00e7\u00e3o inovadora e empreendedora ser\u00e3o reconhecidas amanh\u00e3, quarta-feira, no Pr\u00eamio Educador Transformador. Dos 70 finalistas de todo o pa\u00eds, cinco s\u00e3o do DF. Eles s\u00e3o professores que se destacaram com projetos pedag\u00f3gicos, desenvolvendo compet\u00eancias dos alunos e ampliando o conhecimento passado em sala de aula. O pr\u00eamio \u00e9 promovido em conjunto pelo Sebrae, Instituto Significare e Bett Brasil. Foram 2.897 inscritos.<\/span><\/span><\/span><\/div>\n<div><\/div>\n<div><\/div>\n<div>\n<p>Karla Cristina Moreira Soares (foto), do Centro de Ensino do Sesi\/Senai em Sobradinho, \u00e9 finalista com o projeto \u201cArt\u00e9ria\u201d, de cria\u00e7\u00e3o de tubula\u00e7\u00f5es sustent\u00e1veis e acess\u00edveis para evitar o desperd\u00edcio de \u00e1gua.<\/p>\n<\/div>\n<div><\/div>\n<div><\/div>\n<div>Ela est\u00e1 concorrendo na<span style=\"font-size: large\">\u00a0categoria Ensino M\u00e9dio, que tem tamb\u00e9m Mois\u00e9s Gon\u00e7alves da Silva, do Centro de Ensino M\u00e9dio 01 de Planaltina, como finalista. Ele inscreveu o projeto \u201cO Mundo das Fake News\u201d, que usa recursos do teatro e do cinema para falar do problema das not\u00edcias falsas na sociedade.<\/span><\/div>\n<div><img loading=\"lazy\" decoding=\"async\" class=\"aligncenter size-medium wp-image-12813\" src=\"https:\/\/blogs.correiobraziliense.com.br\/capital-sa\/wp-content\/uploads\/sites\/59\/2023\/05\/CD608FE5-9C97-43F5-BEFB-F9D1EB467BB4-296x300.jpeg\" alt=\"\" width=\"296\" height=\"300\" srcset=\"https:\/\/blogs.correiobraziliense.com.br\/capital-sa\/wp-content\/uploads\/sites\/59\/2023\/05\/CD608FE5-9C97-43F5-BEFB-F9D1EB467BB4-296x300.jpeg 296w, https:\/\/blogs.correiobraziliense.com.br\/capital-sa\/wp-content\/uploads\/sites\/59\/2023\/05\/CD608FE5-9C97-43F5-BEFB-F9D1EB467BB4-550x557.jpeg 550w, https:\/\/blogs.correiobraziliense.com.br\/capital-sa\/wp-content\/uploads\/sites\/59\/2023\/05\/CD608FE5-9C97-43F5-BEFB-F9D1EB467BB4-230x233.jpeg 230w, https:\/\/blogs.correiobraziliense.com.br\/capital-sa\/wp-content\/uploads\/sites\/59\/2023\/05\/CD608FE5-9C97-43F5-BEFB-F9D1EB467BB4.jpeg 559w\" sizes=\"auto, (max-width: 296px) 100vw, 296px\" \/><\/div>\n<div><span style=\"font-size: large\">Ser\u00e3o sete vencedores ao todo, que receber\u00e3o bolsa integral no curso de MBA em Educa\u00e7\u00e3o Empreendedora e v\u00e3o integrar miss\u00e3o t\u00e9cnica nacional custeada pelo Sebrae.<\/span><\/div>\n<div>\n<p class=\"p1\"><span class=\"s1\">\u00danica finalista de Bras\u00edlia na categoria Ensino Fundamental I \u00a0\u00e9 a professora do C\u00f3rrego do Ouro Adva Girlene da Silva. Ela\u00a0<\/span><span class=\"s1\">concorre com o projeto \u201cCi\u00eancia \u00e9 o Ouro\u201d, de est\u00edmulo \u00e0 curiosidade cient\u00edfica desde as primeiras etapas da educa\u00e7\u00e3o com experimenta\u00e7\u00f5es das ci\u00eancias f\u00edsicas e biol\u00f3gicas. <\/span><\/p>\n<p class=\"p1\"><span class=\"s1\">Em Ensino Fundamental II, a educadora Nat\u00e1lia da Silva do Gama chegou \u00e0 final com o projeto \u201cEnergia Solar Fotovoltaica\u201d, para promover na escola a produ\u00e7\u00e3o de sua pr\u00f3pria energia e, ao mesmo tempo, preservar a natureza.<\/span><\/p>\n<p class=\"p1\"><span class=\"s1\">Em Ensino Superior, o \u00fanico representante da capital federal \u00e9 o professor Antonio Carlos Mariz Junior, do Iesb, finalista com o projeto \u201cPodcast Educacional: Educast Iesb\u201d, em que produz junto dos alunos podcasts sobre a pr\u00e1tica pedag\u00f3gica a fim de ampliar o alcance de trabalhos acad\u00eamicos na \u00e1rea.<\/span><\/p>\n<p><img loading=\"lazy\" decoding=\"async\" class=\"aligncenter size-medium wp-image-12812\" src=\"https:\/\/blogs.correiobraziliense.com.br\/capital-sa\/wp-content\/uploads\/sites\/59\/2023\/05\/DEA8F8F8-0AFA-40CD-87AA-3FB9ED311744-300x273.jpeg\" alt=\"\" width=\"300\" height=\"273\" srcset=\"https:\/\/blogs.correiobraziliense.com.br\/capital-sa\/wp-content\/uploads\/sites\/59\/2023\/05\/DEA8F8F8-0AFA-40CD-87AA-3FB9ED311744-300x273.jpeg 300w, https:\/\/blogs.correiobraziliense.com.br\/capital-sa\/wp-content\/uploads\/sites\/59\/2023\/05\/DEA8F8F8-0AFA-40CD-87AA-3FB9ED311744-230x210.jpeg 230w, https:\/\/blogs.correiobraziliense.com.br\/capital-sa\/wp-content\/uploads\/sites\/59\/2023\/05\/DEA8F8F8-0AFA-40CD-87AA-3FB9ED311744.jpeg 532w\" sizes=\"auto, (max-width: 300px) 100vw, 300px\" \/><\/p>\n<p class=\"p1\">\n<\/div>\n<div><\/div>\n<div><\/div>\n","protected":false},"excerpt":{"rendered":"<p>Por Samanta Sallum\u00a0 Experi\u00eancias de educa\u00e7\u00e3o inovadora e empreendedora ser\u00e3o reconhecidas amanh\u00e3, quarta-feira, no Pr\u00eamio Educador Transformador. Dos 70 finalistas de todo o pa\u00eds, cinco s\u00e3o do DF. Eles s\u00e3o professores que se destacaram com projetos pedag\u00f3gicos, desenvolvendo compet\u00eancias dos alunos e ampliando o conhecimento passado em sala de aula. O pr\u00eamio \u00e9 promovido em conjunto pelo Sebrae, Instituto Significare [&hellip;]<\/p>\n","protected":false},"author":125,"featured_media":12820,"comment_status":"open","ping_status":"open","sticky":false,"template":"","format":"standard","meta":{"footnotes":""},"categories":[1],"tags":[1616,1119,331,2011],"class_list":["post-12798","post","type-post","status-publish","format-standard","has-post-thumbnail","hentry","category-sem-categoria","tag-ciencia","tag-educacao","tag-premio","tag-professores"],"_links":{"self":[{"href":"https:\/\/blogs.correiobraziliense.com.br\/capital-sa\/wp-json\/wp\/v2\/posts\/12798","targetHints":{"allow":["GET"]}}],"collection":[{"href":"https:\/\/blogs.correiobraziliense.com.br\/capital-sa\/wp-json\/wp\/v2\/posts"}],"about":[{"href":"https:\/\/blogs.correiobraziliense.com.br\/capital-sa\/wp-json\/wp\/v2\/types\/post"}],"author":[{"embeddable":true,"href":"https:\/\/blogs.correiobraziliense.com.br\/capital-sa\/wp-json\/wp\/v2\/users\/125"}],"replies":[{"embeddable":true,"href":"https:\/\/blogs.correiobraziliense.com.br\/capital-sa\/wp-json\/wp\/v2\/comments?post=12798"}],"version-history":[{"count":16,"href":"https:\/\/blogs.correiobraziliense.com.br\/capital-sa\/wp-json\/wp\/v2\/posts\/12798\/revisions"}],"predecessor-version":[{"id":13284,"href":"https:\/\/blogs.correiobraziliense.com.br\/capital-sa\/wp-json\/wp\/v2\/posts\/12798\/revisions\/13284"}],"wp:featuredmedia":[{"embeddable":true,"href":"https:\/\/blogs.correiobraziliense.com.br\/capital-sa\/wp-json\/wp\/v2\/media\/12820"}],"wp:attachment":[{"href":"https:\/\/blogs.correiobraziliense.com.br\/capital-sa\/wp-json\/wp\/v2\/media?parent=12798"}],"wp:term":[{"taxonomy":"category","embeddable":true,"href":"https:\/\/blogs.correiobraziliense.com.br\/capital-sa\/wp-json\/wp\/v2\/categories?post=12798"},{"taxonomy":"post_tag","embeddable":true,"href":"https:\/\/blogs.correiobraziliense.com.br\/capital-sa\/wp-json\/wp\/v2\/tags?post=12798"}],"curies":[{"name":"wp","href":"https:\/\/api.w.org\/{rel}","templated":true}]}}