{"id":12768,"date":"2023-05-07T20:57:51","date_gmt":"2023-05-07T23:57:51","guid":{"rendered":"https:\/\/blogs.correiobraziliense.com.br\/capital-sa\/?p=12768"},"modified":"2023-05-11T07:00:45","modified_gmt":"2023-05-11T10:00:45","slug":"celebridades-da-arte-e-do-esporte-se-unem-em-defesa-do-sesc","status":"publish","type":"post","link":"https:\/\/blogs.correiobraziliense.com.br\/capital-sa\/2023\/05\/07\/celebridades-da-arte-e-do-esporte-se-unem-em-defesa-do-sesc\/","title":{"rendered":"Celebridades da arte e do esporte se unem em defesa do Sesc"},"content":{"rendered":"<p><b>Por Samanta Sallum<\/b><\/p>\n<p class=\"p1\">Bernardinho do V\u00f4lei, a atriz Mait\u00ea Proen\u00e7a, a cantora Roberta Miranda, entre outros nomes conhecidos, aderiram ao abaixo-assinado, lan\u00e7ado pela CNC, contra o projeto de lei que retira verbas do Sesc e do Senac para a Embratur. J\u00e1 atingiu mais de 180 mil assinaturas. Ele pode ser acessado por este link: <a href=\"https:\/\/cnc.portaldocomercio.org.br\/sousescsenac\">https:\/\/cnc.portaldocomercio.org.br\/sousescsenac\u00a0<\/a><\/p>\n<p class=\"p1\">Artistas como Dig\u00e3o do Raimundos e C\u00e9lia Porto tamb\u00e9m est\u00e3o se posicionando contr\u00e1rios \u00e0 proposta, em v\u00eddeos compartilhados nas redes sociais. Se entrar em vigor a lei que retira recursos das duas entidades, existe o risco de encerramento das atividades em mais de 100 cidades brasileiras e demiss\u00e3o de milhares de funcion\u00e1rios.<\/p>\n<p>\u201cGoverno, deixa o Sesc em paz. O Sesc leva cultura, sa\u00fade e educa\u00e7\u00e3o para a galera mais carente\u201d, frisou Dig\u00e3o.<\/p>\n<p><img loading=\"lazy\" decoding=\"async\" class=\"aligncenter size-medium wp-image-12784\" src=\"https:\/\/blogs.correiobraziliense.com.br\/capital-sa\/wp-content\/uploads\/sites\/59\/2023\/05\/AF806F20-8979-4A68-B379-E078336B3403-300x300.jpeg\" alt=\"\" width=\"300\" height=\"300\" srcset=\"https:\/\/blogs.correiobraziliense.com.br\/capital-sa\/wp-content\/uploads\/sites\/59\/2023\/05\/AF806F20-8979-4A68-B379-E078336B3403-300x300.jpeg 300w, https:\/\/blogs.correiobraziliense.com.br\/capital-sa\/wp-content\/uploads\/sites\/59\/2023\/05\/AF806F20-8979-4A68-B379-E078336B3403-150x150.jpeg 150w, https:\/\/blogs.correiobraziliense.com.br\/capital-sa\/wp-content\/uploads\/sites\/59\/2023\/05\/AF806F20-8979-4A68-B379-E078336B3403-550x549.jpeg 550w, https:\/\/blogs.correiobraziliense.com.br\/capital-sa\/wp-content\/uploads\/sites\/59\/2023\/05\/AF806F20-8979-4A68-B379-E078336B3403-230x230.jpeg 230w, https:\/\/blogs.correiobraziliense.com.br\/capital-sa\/wp-content\/uploads\/sites\/59\/2023\/05\/AF806F20-8979-4A68-B379-E078336B3403.jpeg 623w\" sizes=\"auto, (max-width: 300px) 100vw, 300px\" \/><\/p>\n<p>O projeto de lei que remaneja cerca de R$ 400 milh\u00f5es por ano do Sesc e do Senac para a Embratur foi aprovado h\u00e1 10 dias na C\u00e2mara dos Deputados. Ainda tem de passar no Senado.<\/p>\n<p>O ator brasiliense Adriano Siri, da Cia de Com\u00e9dia Melhores do Mundo, tamb\u00e9m deixou sua declara\u00e7\u00e3o nas redes sociais. \u201cEu acompanho a dimens\u00e3o social do trabalho do Sesc. Tirar recursos dele \u00e9 algo muito s\u00e9rio, que ter\u00e1 efeito muito negativo\u201d, alertou Siri.<\/p>\n<p class=\"p1\"><span class=\"s1\"><b>\u201cProjeto insensato\u201d<\/b><\/span><\/p>\n<p class=\"p1\"><span class=\"s1\">O abaixo-assinado\u00a0<\/span>pode ser acessado pelo Portal de CNC. \u201cEu digo n\u00e3o a esse projeto insensato de reduzir o Sesc. Precisamos de arte, cultura, educa\u00e7\u00e3o, lazer e esporte. E o Sesc oferece tudo isso com alta qualidade\u201d, destacou Mait\u00ea Proen\u00e7a nas redes sociais.<\/p>\n<p class=\"p1\"><span class=\"s1\"><b>Sem sobras de or\u00e7amento <\/b><\/span><\/p>\n<p class=\"p1\"><span class=\"s1\">A Confedera\u00e7\u00e3o do Com\u00e9rcio de Bens, Servi\u00e7os e Turismo (CNC) esclareceu que o valor apontado como \u201csuper\u00e1vit\u201d pela Embratur, para justificar a retirada de recursos dos departamentos nacionais do Sesc e do Senac, j\u00e1 est\u00e1 comprometido. S\u00e3o cerca de R$ 1,8 bilh\u00e3o do or\u00e7amento de 2022.<br \/>\n<\/span><\/p>\n<p class=\"p1\"><span class=\"s1\">\u201cEst\u00e3o destinados\u00a0<\/span>para continua\u00e7\u00e3o de obras em diversos estados, bem como para o in\u00edcio da constru\u00e7\u00e3o de novas unidades por todo o pa\u00eds. Esse or\u00e7amento foi pactuado e aprovado pelo Conselho Fiscal do Sesc e do Senac, formado por 7 entes: 4 representantes do governo, 2 dos empres\u00e1rios e 1 dos trabalhadores. Recurso empenhado para uso definido e de conhecimento de todos\u201d, frisou em nota oficial a entidade, que est\u00e1 em meio a um embate com a Embratur.<\/p>\n<p class=\"p1\"><span class=\"s1\"><b>Por menos burocracia na entrada de turistas<\/b><\/span><\/p>\n<p class=\"p1\"><span class=\"s1\">A CNC criticou ainda os obst\u00e1culos impostos no Brasil aos turistas internacionais. \u201cDefendemos a promo\u00e7\u00e3o do turismo brasileiro, mas n\u00e3o entendemos por que a Embratur n\u00e3o trabalha junto do Minist\u00e9rio do Turismo e da Apex outras fontes de fomento ao setor, como a desburocratiza\u00e7\u00e3o da entrada de turistas no pa\u00eds, haja vista a recente retomada da obrigatoriedade de visto para alguns pa\u00edses.\u201d<\/span><\/p>\n","protected":false},"excerpt":{"rendered":"<p>Por Samanta Sallum Bernardinho do V\u00f4lei, a atriz Mait\u00ea Proen\u00e7a, a cantora Roberta Miranda, entre outros nomes conhecidos, aderiram ao abaixo-assinado, lan\u00e7ado pela CNC, contra o projeto de lei que retira verbas do Sesc e do Senac para a Embratur. J\u00e1 atingiu mais de 180 mil assinaturas. Ele pode ser acessado por este link: https:\/\/cnc.portaldocomercio.org.br\/sousescsenac\u00a0 Artistas como Dig\u00e3o do Raimundos [&hellip;]<\/p>\n","protected":false},"author":125,"featured_media":12776,"comment_status":"open","ping_status":"open","sticky":false,"template":"","format":"standard","meta":{"footnotes":""},"categories":[6],"tags":[2007,2006,275,1989,504,156,62],"class_list":["post-12768","post","type-post","status-publish","format-standard","has-post-thumbnail","hentry","category-coluna-capital-s-a","tag-abaixoassinado","tag-artistas","tag-cnc","tag-embratur","tag-recursos","tag-senac","tag-sesc"],"_links":{"self":[{"href":"https:\/\/blogs.correiobraziliense.com.br\/capital-sa\/wp-json\/wp\/v2\/posts\/12768","targetHints":{"allow":["GET"]}}],"collection":[{"href":"https:\/\/blogs.correiobraziliense.com.br\/capital-sa\/wp-json\/wp\/v2\/posts"}],"about":[{"href":"https:\/\/blogs.correiobraziliense.com.br\/capital-sa\/wp-json\/wp\/v2\/types\/post"}],"author":[{"embeddable":true,"href":"https:\/\/blogs.correiobraziliense.com.br\/capital-sa\/wp-json\/wp\/v2\/users\/125"}],"replies":[{"embeddable":true,"href":"https:\/\/blogs.correiobraziliense.com.br\/capital-sa\/wp-json\/wp\/v2\/comments?post=12768"}],"version-history":[{"count":18,"href":"https:\/\/blogs.correiobraziliense.com.br\/capital-sa\/wp-json\/wp\/v2\/posts\/12768\/revisions"}],"predecessor-version":[{"id":12843,"href":"https:\/\/blogs.correiobraziliense.com.br\/capital-sa\/wp-json\/wp\/v2\/posts\/12768\/revisions\/12843"}],"wp:featuredmedia":[{"embeddable":true,"href":"https:\/\/blogs.correiobraziliense.com.br\/capital-sa\/wp-json\/wp\/v2\/media\/12776"}],"wp:attachment":[{"href":"https:\/\/blogs.correiobraziliense.com.br\/capital-sa\/wp-json\/wp\/v2\/media?parent=12768"}],"wp:term":[{"taxonomy":"category","embeddable":true,"href":"https:\/\/blogs.correiobraziliense.com.br\/capital-sa\/wp-json\/wp\/v2\/categories?post=12768"},{"taxonomy":"post_tag","embeddable":true,"href":"https:\/\/blogs.correiobraziliense.com.br\/capital-sa\/wp-json\/wp\/v2\/tags?post=12768"}],"curies":[{"name":"wp","href":"https:\/\/api.w.org\/{rel}","templated":true}]}}