{"id":12752,"date":"2023-05-03T18:07:30","date_gmt":"2023-05-03T21:07:30","guid":{"rendered":"https:\/\/blogs.correiobraziliense.com.br\/capital-sa\/?p=12752"},"modified":"2023-05-04T10:09:26","modified_gmt":"2023-05-04T13:09:26","slug":"empresario-baiano-e-eleito-novo-presidente-da-cni","status":"publish","type":"post","link":"https:\/\/blogs.correiobraziliense.com.br\/capital-sa\/2023\/05\/03\/empresario-baiano-e-eleito-novo-presidente-da-cni\/","title":{"rendered":"Empres\u00e1rio baiano \u00e9 eleito novo presidente da CNI"},"content":{"rendered":"<p><strong>Por Samanta Sallum\u00a0<\/strong><\/p>\n<p class=\"p1\">O empres\u00e1rio Ricardo Alban foi eleito nesta quarta-feira (3) para um mandato de 4 anos \u00e0 frente da Confedera\u00e7\u00e3o Nacional da Ind\u00fastria. Presidente da Federa\u00e7\u00e3o das Ind\u00fastrias do Estado da Bahia,\u00a0ele vai assumir o comando da CNI em 31 de outubro, quando se encerra o mandato do atual presidente, Robson Braga de Andrade. A chapa de Alban foi eleita por unanimidade e \u00e9 composta por cinco vice-presidentes executivos.<\/p>\n<p class=\"p1\"><span class=\"s1\">Jamal Bittar, presidente da Federa\u00e7\u00e3o das Ind\u00fastrias do Distrito Federal, foi eleito um dos vice-presidentes.<\/span><\/p>\n<p class=\"p1\"><span class=\"s1\">&#8220;Os pr\u00f3ximos quatro anos ser\u00e3o determinantes para o futuro da ind\u00fastria brasileira, e tenho plena confian\u00e7a de que o presidente Alban \u00e9 um l\u00edder bastante capacitado para conduzir o setor neste momento. O governo federal entende a necessidade da reindustrializa\u00e7\u00e3o do pa\u00eds, e a CNI continuar\u00e1 ativamente nas iniciativas para que retomemos o protagonismo da economia e do desenvolvimento do Brasil&#8221;, afirmou Jamal.<\/span><\/p>\n<p>Os cinco escolhidos para os cargos de vice-presidente executivo, na elei\u00e7\u00e3o realizada na sede da CNI, em Bras\u00edlia, representam as ind\u00fastrias de cada uma das regi\u00f5es do pa\u00eds. S\u00e3o eles: Josu\u00e9 Gomes da Silva, presidente da Federa\u00e7\u00e3o das Ind\u00fastrias do Estado de S\u00e3o Paulo (<a href=\"https:\/\/www.fiesp.com.br\/\">FIESP<\/a>); Ricardo Cavalcante, presidente da Federa\u00e7\u00e3o das Ind\u00fastrias do Estado do Cear\u00e1 (<a href=\"https:\/\/www1.sfiec.org.br\/\">FIEC<\/a>); Jamal Bittar, presidente da Federa\u00e7\u00e3o das Ind\u00fastrias do Distrito Federal (<a href=\"https:\/\/sistemafibra.org.br\/fibra\/\">FIBRA<\/a>); Antonio Carlos Silva, presidente da Federa\u00e7\u00e3o das Ind\u00fastrias do Estado do Amazonas (<a href=\"http:\/\/www.fieam.org.br\/\">FIEAM<\/a>); e Gilberto Petry, presidente da Federa\u00e7\u00e3o das Ind\u00fastrias do Estado do Rio Grande do Sul (<a href=\"https:\/\/www.fiergs.org.br\/\">FIERGS<\/a>).<\/p>\n","protected":false},"excerpt":{"rendered":"<p>Por Samanta Sallum\u00a0 O empres\u00e1rio Ricardo Alban foi eleito nesta quarta-feira (3) para um mandato de 4 anos \u00e0 frente da Confedera\u00e7\u00e3o Nacional da Ind\u00fastria. Presidente da Federa\u00e7\u00e3o das Ind\u00fastrias do Estado da Bahia,\u00a0ele vai assumir o comando da CNI em 31 de outubro, quando se encerra o mandato do atual presidente, Robson Braga de Andrade. A chapa de Alban [&hellip;]<\/p>\n","protected":false},"author":125,"featured_media":12755,"comment_status":"open","ping_status":"open","sticky":false,"template":"","format":"standard","meta":{"footnotes":""},"categories":[6],"tags":[2004,2005,64],"class_list":["post-12752","post","type-post","status-publish","format-standard","has-post-thumbnail","hentry","category-coluna-capital-s-a","tag-novopresidente","tag-ricardoalban","tag-cni"],"_links":{"self":[{"href":"https:\/\/blogs.correiobraziliense.com.br\/capital-sa\/wp-json\/wp\/v2\/posts\/12752","targetHints":{"allow":["GET"]}}],"collection":[{"href":"https:\/\/blogs.correiobraziliense.com.br\/capital-sa\/wp-json\/wp\/v2\/posts"}],"about":[{"href":"https:\/\/blogs.correiobraziliense.com.br\/capital-sa\/wp-json\/wp\/v2\/types\/post"}],"author":[{"embeddable":true,"href":"https:\/\/blogs.correiobraziliense.com.br\/capital-sa\/wp-json\/wp\/v2\/users\/125"}],"replies":[{"embeddable":true,"href":"https:\/\/blogs.correiobraziliense.com.br\/capital-sa\/wp-json\/wp\/v2\/comments?post=12752"}],"version-history":[{"count":10,"href":"https:\/\/blogs.correiobraziliense.com.br\/capital-sa\/wp-json\/wp\/v2\/posts\/12752\/revisions"}],"predecessor-version":[{"id":12767,"href":"https:\/\/blogs.correiobraziliense.com.br\/capital-sa\/wp-json\/wp\/v2\/posts\/12752\/revisions\/12767"}],"wp:featuredmedia":[{"embeddable":true,"href":"https:\/\/blogs.correiobraziliense.com.br\/capital-sa\/wp-json\/wp\/v2\/media\/12755"}],"wp:attachment":[{"href":"https:\/\/blogs.correiobraziliense.com.br\/capital-sa\/wp-json\/wp\/v2\/media?parent=12752"}],"wp:term":[{"taxonomy":"category","embeddable":true,"href":"https:\/\/blogs.correiobraziliense.com.br\/capital-sa\/wp-json\/wp\/v2\/categories?post=12752"},{"taxonomy":"post_tag","embeddable":true,"href":"https:\/\/blogs.correiobraziliense.com.br\/capital-sa\/wp-json\/wp\/v2\/tags?post=12752"}],"curies":[{"name":"wp","href":"https:\/\/api.w.org\/{rel}","templated":true}]}}