{"id":12738,"date":"2023-05-03T17:47:27","date_gmt":"2023-05-03T20:47:27","guid":{"rendered":"https:\/\/blogs.correiobraziliense.com.br\/capital-sa\/?p=12738"},"modified":"2023-05-04T10:01:28","modified_gmt":"2023-05-04T13:01:28","slug":"valdir-oliveira-assume-posto-no-sebrae-nacional","status":"publish","type":"post","link":"https:\/\/blogs.correiobraziliense.com.br\/capital-sa\/2023\/05\/03\/valdir-oliveira-assume-posto-no-sebrae-nacional\/","title":{"rendered":"Valdir Oliveira assume posto no Sebrae Nacional"},"content":{"rendered":"<p class=\"p1\"><b>Por Samanta Sallum\u00a0<\/b><\/p>\n<p class=\"p1\"><span class=\"s1\">Um nome de Bras\u00edlia passa agora a fazer parte da dire\u00e7\u00e3o nacional do Sebrae. Valdir Oliveira, que foi superintendente regional da entidade no DF e secret\u00e1rio de Estado de Desenvolvimento Econ\u00f4mico, assumiu o comando da Ger\u00eancia de <\/span><span class=\"s1\">Servi\u00e7os Financeiros e Capta\u00e7\u00e3o.<\/span><\/p>\n<p>Valdir, que \u00e9 filiado ao PSB, aceitou o convite do presidente do Sebrae, Decio Lima, para gerir o Fundo de Aval da Micro e Pequena Empresa. O fundo \u00e9 respons\u00e1vel atualmente por avalizar R$ 11 bilh\u00f5es em opera\u00e7\u00f5es de cr\u00e9dito em benef\u00edcio de pequenos empreendedores em todo o pa\u00eds. Tem conv\u00eanio com 22 institui\u00e7\u00f5es financeiras.<\/p>\n<p>&#8220;O presidente Decio me incumbiu de ampliar o raio de atua\u00e7\u00e3o do setor. O desafio \u00e9 aumentar o volume de garantias que damos para respaldar os empreendedores a terem mais acesso ao cr\u00e9dito. E tamb\u00e9m criar novas formas para foment\u00e1-los financeiramente&#8221;, disse Valdir ao blog.<\/p>\n<p>&nbsp;<\/p>\n<p>&nbsp;<\/p>\n","protected":false},"excerpt":{"rendered":"<p>Por Samanta Sallum\u00a0 Um nome de Bras\u00edlia passa agora a fazer parte da dire\u00e7\u00e3o nacional do Sebrae. Valdir Oliveira, que foi superintendente regional da entidade no DF e secret\u00e1rio de Estado de Desenvolvimento Econ\u00f4mico, assumiu o comando da Ger\u00eancia de Servi\u00e7os Financeiros e Capta\u00e7\u00e3o. Valdir, que \u00e9 filiado ao PSB, aceitou o convite do presidente do Sebrae, Decio Lima, para [&hellip;]<\/p>\n","protected":false},"author":125,"featured_media":12742,"comment_status":"open","ping_status":"open","sticky":false,"template":"","format":"standard","meta":{"footnotes":""},"categories":[6],"tags":[1824,455,50],"class_list":["post-12738","post","type-post","status-publish","format-standard","has-post-thumbnail","hentry","category-coluna-capital-s-a","tag-sebraenacional","tag-valdiroliveira","tag-sebrae"],"_links":{"self":[{"href":"https:\/\/blogs.correiobraziliense.com.br\/capital-sa\/wp-json\/wp\/v2\/posts\/12738","targetHints":{"allow":["GET"]}}],"collection":[{"href":"https:\/\/blogs.correiobraziliense.com.br\/capital-sa\/wp-json\/wp\/v2\/posts"}],"about":[{"href":"https:\/\/blogs.correiobraziliense.com.br\/capital-sa\/wp-json\/wp\/v2\/types\/post"}],"author":[{"embeddable":true,"href":"https:\/\/blogs.correiobraziliense.com.br\/capital-sa\/wp-json\/wp\/v2\/users\/125"}],"replies":[{"embeddable":true,"href":"https:\/\/blogs.correiobraziliense.com.br\/capital-sa\/wp-json\/wp\/v2\/comments?post=12738"}],"version-history":[{"count":15,"href":"https:\/\/blogs.correiobraziliense.com.br\/capital-sa\/wp-json\/wp\/v2\/posts\/12738\/revisions"}],"predecessor-version":[{"id":12766,"href":"https:\/\/blogs.correiobraziliense.com.br\/capital-sa\/wp-json\/wp\/v2\/posts\/12738\/revisions\/12766"}],"wp:featuredmedia":[{"embeddable":true,"href":"https:\/\/blogs.correiobraziliense.com.br\/capital-sa\/wp-json\/wp\/v2\/media\/12742"}],"wp:attachment":[{"href":"https:\/\/blogs.correiobraziliense.com.br\/capital-sa\/wp-json\/wp\/v2\/media?parent=12738"}],"wp:term":[{"taxonomy":"category","embeddable":true,"href":"https:\/\/blogs.correiobraziliense.com.br\/capital-sa\/wp-json\/wp\/v2\/categories?post=12738"},{"taxonomy":"post_tag","embeddable":true,"href":"https:\/\/blogs.correiobraziliense.com.br\/capital-sa\/wp-json\/wp\/v2\/tags?post=12738"}],"curies":[{"name":"wp","href":"https:\/\/api.w.org\/{rel}","templated":true}]}}