{"id":12726,"date":"2023-05-02T17:48:25","date_gmt":"2023-05-02T20:48:25","guid":{"rendered":"https:\/\/blogs.correiobraziliense.com.br\/capital-sa\/?p=12726"},"modified":"2023-05-02T22:28:01","modified_gmt":"2023-05-03T01:28:01","slug":"lula-adia-implantacao-da-nova-lei-do-vale-alimentacao","status":"publish","type":"post","link":"https:\/\/blogs.correiobraziliense.com.br\/capital-sa\/2023\/05\/02\/lula-adia-implantacao-da-nova-lei-do-vale-alimentacao\/","title":{"rendered":"Lula adia implanta\u00e7\u00e3o da nova lei do vale-alimenta\u00e7\u00e3o"},"content":{"rendered":"<p class=\"p1\"><b>Por Samanta Sallum<\/b><\/p>\n<p class=\"p1\"><span class=\"s1\">Medida Provis\u00f3ria, assinada na segunda-feira, pelo presidente Lula,<span class=\"Apple-converted-space\">\u00a0<\/span>alterou o prazo para \u201ca operacionaliza\u00e7\u00e3o dos servi\u00e7os de pagamento e a portabilidade dos programas de alimenta\u00e7\u00e3o do trabalhador.\u201d A nova lei, aprovada recentemente no Congresso, s\u00f3 entrar\u00e1 em vigor em 1\u00ba de maio de 2024. Estava prevista para come\u00e7ar agora. Ela permitir\u00e1 que os benefici\u00e1rios troquem os vales-refei\u00e7\u00e3o e alimenta\u00e7\u00e3o, n\u00e3o usados num determinado prazo, por dinheiro.<br \/>\n<\/span><\/p>\n<p class=\"p1\"><span class=\"s1\">A portabilidade \u00e9 fortemente criticada pelas entidades que representam os supermercados, bares e restaurantes. \u00c9\u00a0<\/span>vista como\u00a0danosa, pois o trabalhador poder\u00e1 deixar de usar o dinheiro para alimenta\u00e7\u00e3o, gastando com outras coisas, o que seria um desvio de finalidade do benef\u00edcio.<\/p>\n<p class=\"p1\"><span class=\"s1\">Setores contr\u00e1rios \u00e0 medida acreditam que ser\u00e1 poss\u00edvel agora ter tempo para reverter na regulamenta\u00e7\u00e3o ou at\u00e9 mudar a lei com uma emenda ou mesmo por meio do relator. <\/span><\/p>\n<p class=\"p1\"><span class=\"s1\">\u201cEntendemos que o governo federal tomou a melhor decis\u00e3o ao adiar a implanta\u00e7\u00e3o da portabilidade.\u00a0<\/span>Desde o primeiro momento, fomos contra e acreditamos que teremos outra oportunidade de restringir esta perniciosa op\u00e7\u00e3o junto do Congresso Nacional\u201d, avaliou o presidente da Abrasel, Paulo Solmucci.<\/p>\n","protected":false},"excerpt":{"rendered":"<p>Por Samanta Sallum Medida Provis\u00f3ria, assinada na segunda-feira, pelo presidente Lula,\u00a0alterou o prazo para \u201ca operacionaliza\u00e7\u00e3o dos servi\u00e7os de pagamento e a portabilidade dos programas de alimenta\u00e7\u00e3o do trabalhador.\u201d A nova lei, aprovada recentemente no Congresso, s\u00f3 entrar\u00e1 em vigor em 1\u00ba de maio de 2024. Estava prevista para come\u00e7ar agora. Ela permitir\u00e1 que os benefici\u00e1rios troquem os vales-refei\u00e7\u00e3o e [&hellip;]<\/p>\n","protected":false},"author":125,"featured_media":12730,"comment_status":"open","ping_status":"open","sticky":false,"template":"","format":"standard","meta":{"footnotes":""},"categories":[1],"tags":[712,1165,892,2003,1458,1456],"class_list":["post-12726","post","type-post","status-publish","format-standard","has-post-thumbnail","hentry","category-sem-categoria","tag-abrasel","tag-lula","tag-medidaprovisoria","tag-portabilidade","tag-vale-alimentacao","tag-vale-refeicao"],"_links":{"self":[{"href":"https:\/\/blogs.correiobraziliense.com.br\/capital-sa\/wp-json\/wp\/v2\/posts\/12726","targetHints":{"allow":["GET"]}}],"collection":[{"href":"https:\/\/blogs.correiobraziliense.com.br\/capital-sa\/wp-json\/wp\/v2\/posts"}],"about":[{"href":"https:\/\/blogs.correiobraziliense.com.br\/capital-sa\/wp-json\/wp\/v2\/types\/post"}],"author":[{"embeddable":true,"href":"https:\/\/blogs.correiobraziliense.com.br\/capital-sa\/wp-json\/wp\/v2\/users\/125"}],"replies":[{"embeddable":true,"href":"https:\/\/blogs.correiobraziliense.com.br\/capital-sa\/wp-json\/wp\/v2\/comments?post=12726"}],"version-history":[{"count":5,"href":"https:\/\/blogs.correiobraziliense.com.br\/capital-sa\/wp-json\/wp\/v2\/posts\/12726\/revisions"}],"predecessor-version":[{"id":12737,"href":"https:\/\/blogs.correiobraziliense.com.br\/capital-sa\/wp-json\/wp\/v2\/posts\/12726\/revisions\/12737"}],"wp:featuredmedia":[{"embeddable":true,"href":"https:\/\/blogs.correiobraziliense.com.br\/capital-sa\/wp-json\/wp\/v2\/media\/12730"}],"wp:attachment":[{"href":"https:\/\/blogs.correiobraziliense.com.br\/capital-sa\/wp-json\/wp\/v2\/media?parent=12726"}],"wp:term":[{"taxonomy":"category","embeddable":true,"href":"https:\/\/blogs.correiobraziliense.com.br\/capital-sa\/wp-json\/wp\/v2\/categories?post=12726"},{"taxonomy":"post_tag","embeddable":true,"href":"https:\/\/blogs.correiobraziliense.com.br\/capital-sa\/wp-json\/wp\/v2\/tags?post=12726"}],"curies":[{"name":"wp","href":"https:\/\/api.w.org\/{rel}","templated":true}]}}