{"id":12716,"date":"2023-05-02T15:40:12","date_gmt":"2023-05-02T18:40:12","guid":{"rendered":"https:\/\/blogs.correiobraziliense.com.br\/capital-sa\/?p=12716"},"modified":"2023-05-02T16:53:19","modified_gmt":"2023-05-02T19:53:19","slug":"cnc-e-embratur-acirram-disputa-por-orcamento","status":"publish","type":"post","link":"https:\/\/blogs.correiobraziliense.com.br\/capital-sa\/2023\/05\/02\/cnc-e-embratur-acirram-disputa-por-orcamento\/","title":{"rendered":"CNC e Embratur acirram disputa por or\u00e7amento"},"content":{"rendered":"<p class=\"p1\"><b>Por Samanta Sallum\u00a0<\/b><\/p>\n<p class=\"p1\"><span class=\"s1\">As duas entidades est\u00e3o em cabo de guerra. Os dois lados apresentam argumentos para definir com quem ficar\u00e3o R$ 400 milh\u00f5es. A Confedera\u00e7\u00e3o Nacional do Com\u00e9rcio de Bens, Servi\u00e7os e Turismo (CNC) apresentou oficialmente o impacto administrativo do que classifica como &#8220;desvio de recursos para divulga\u00e7\u00e3o do pa\u00eds no exterior&#8221;.<span class=\"Apple-converted-space\">\u00a0 <\/span>O Projeto de Lei que destina 5% do or\u00e7amento nacional do Sesc e do Senac para Embratur foi aprovado, na semana passada, pela C\u00e2mara dos Deputados.<\/span><\/p>\n<p class=\"p1\"><span class=\"s1\"><b>Unidades do Sesc e Senac amea\u00e7adas <\/b><\/span><\/p>\n<p class=\"p1\"><span class=\"s1\">A CNC afirma que, se a lei for aprovada no Senado e sancionada, pode acabar com unidades em mais de 100 cidades.<span class=\"Apple-converted-space\">\u00a0 <\/span>&#8220;A promo\u00e7\u00e3o do Brasil no exterior n\u00e3o pode ocorrer em detrimento dos interesses dos trabalhadores do com\u00e9rcio de bens, servi\u00e7os e turismo e das demandas sociais e educacionais do povo brasileiro&#8221;, afirma o presidente do sistema CNC &#8211; Sesc &#8211; Senac, Jos\u00e9 Roberto Tadros. <\/span><\/p>\n<p class=\"p1\"><span class=\"s1\"><b>Alega\u00e7\u00e3o jur\u00eddica <\/b><\/span><\/p>\n<p class=\"p1\"><span class=\"s1\">A CNC alega ainda que h\u00e1 entendimento pacificado pelo STF que os valores destinados ao Sesc e ao Senac n\u00e3o s\u00e3o recursos p\u00fablicos &#8220;e, portanto, devem ser utilizados exclusivamente para o fim o qual est\u00e1 estabelecido na Constitui\u00e7\u00e3o Federal&#8221;.<\/span><\/p>\n<p class=\"p1\"><span class=\"s1\"><b>Impacto do projeto de lei:<\/b><\/span><\/p>\n<p class=\"p1\"><span class=\"s1\">&#8211; Sesc<\/span><\/p>\n<ul class=\"ul1\">\n<li class=\"li1\"><span class=\"s1\">fechamento de 36 unidades<\/span><\/li>\n<li class=\"li1\"><span class=\"s1\">corte de 1.994 postos de trabalho<\/span><\/li>\n<li class=\"li1\"><span class=\"s1\">menos 2 mil apresenta\u00e7\u00f5es culturais com p\u00fablico de 14 milh\u00f5es<\/span><\/li>\n<\/ul>\n<p class=\"p1\"><span class=\"s1\"><span class=\"Apple-converted-space\">\u00a0 \u00a0 <\/span>\u2022 redu\u00e7\u00e3o de 2,6 milh\u00f5es de toneladas de alimentos distribu\u00eddos<\/span><\/p>\n<p class=\"p1\"><span class=\"s1\">&#8211; Senac<span class=\"Apple-converted-space\">\u00a0 <\/span>(foto)<\/span><\/p>\n<ul class=\"ul1\">\n<li class=\"li1\"><span class=\"s1\">fechamento de 29 centros\u00a0<\/span>de forma\u00e7\u00e3o profissional<\/li>\n<\/ul>\n<ul class=\"ul1\">\n<li class=\"li1\"><span class=\"s1\">corte de 1.623 postos de trabalho<\/span><\/li>\n<\/ul>\n<p class=\"p1\"><span class=\"s1\"><span class=\"Apple-converted-space\">\u00a0\u00a0 <\/span>\u2022 perda de 31.115 matr\u00edculas gratuitas<\/span><\/p>\n<p class=\"p1\"><span class=\"s1\"> \u2022 fechamento de 23 laborat\u00f3rios em turismo<\/span><\/p>\n<p class=\"p1\"><span class=\"s1\"><b>Contraponto<\/b><\/span><\/p>\n<p class=\"p1\"><span class=\"s1\">A Embratur, por sua vez, apresentou um estudo para embasar a viabilidade do remanejamento de recursos.\u00a0<\/span>Aponta que a cada R$ 1 investido na promo\u00e7\u00e3o do turismo, R$ 20 s\u00e3o injetados na economia por meio do consumo dos visitantes. &#8220;\u00c9 dinheiro que beneficia o trabalhador, o empres\u00e1rio e as cidades, que v\u00e3o arrecadar mais&#8221;, frisou em comunicado oficial.<\/p>\n<p class=\"p1\"><span class=\"s1\"><b>Super\u00e1vit <\/b><\/span><\/p>\n<p class=\"p1\"><span class=\"s1\">A Embratur destaca que, somente em 2021, Sesc e Senac tiveram super\u00e1vit de R$ 1,8 bilh\u00e3o. &#8220;A t\u00edtulo de compara\u00e7\u00e3o, o valor que ser\u00e1 destinado para a Embratur representa menos de 25% das sobras or\u00e7ament\u00e1rias das duas entidades. Isso significa que a medida n\u00e3o afeta as atividades ou transfer\u00eancias realizadas por elas. N\u00e3o \u00e9 verdade que a iniciativa prejudicar\u00e1 a distribui\u00e7\u00e3o de alimentos e provocar\u00e1 desemprego&#8221;, rebateu.<\/span><\/p>\n","protected":false},"excerpt":{"rendered":"<p>Por Samanta Sallum\u00a0 As duas entidades est\u00e3o em cabo de guerra. Os dois lados apresentam argumentos para definir com quem ficar\u00e3o R$ 400 milh\u00f5es. A Confedera\u00e7\u00e3o Nacional do Com\u00e9rcio de Bens, Servi\u00e7os e Turismo (CNC) apresentou oficialmente o impacto administrativo do que classifica como &#8220;desvio de recursos para divulga\u00e7\u00e3o do pa\u00eds no exterior&#8221;.\u00a0 O Projeto de Lei que destina 5% [&hellip;]<\/p>\n","protected":false},"author":125,"featured_media":12719,"comment_status":"open","ping_status":"open","sticky":false,"template":"","format":"standard","meta":{"footnotes":""},"categories":[6],"tags":[1989,156,1998,62],"class_list":["post-12716","post","type-post","status-publish","format-standard","has-post-thumbnail","hentry","category-coluna-capital-s-a","tag-embratur","tag-senac","tag-verba","tag-sesc"],"_links":{"self":[{"href":"https:\/\/blogs.correiobraziliense.com.br\/capital-sa\/wp-json\/wp\/v2\/posts\/12716","targetHints":{"allow":["GET"]}}],"collection":[{"href":"https:\/\/blogs.correiobraziliense.com.br\/capital-sa\/wp-json\/wp\/v2\/posts"}],"about":[{"href":"https:\/\/blogs.correiobraziliense.com.br\/capital-sa\/wp-json\/wp\/v2\/types\/post"}],"author":[{"embeddable":true,"href":"https:\/\/blogs.correiobraziliense.com.br\/capital-sa\/wp-json\/wp\/v2\/users\/125"}],"replies":[{"embeddable":true,"href":"https:\/\/blogs.correiobraziliense.com.br\/capital-sa\/wp-json\/wp\/v2\/comments?post=12716"}],"version-history":[{"count":4,"href":"https:\/\/blogs.correiobraziliense.com.br\/capital-sa\/wp-json\/wp\/v2\/posts\/12716\/revisions"}],"predecessor-version":[{"id":12725,"href":"https:\/\/blogs.correiobraziliense.com.br\/capital-sa\/wp-json\/wp\/v2\/posts\/12716\/revisions\/12725"}],"wp:featuredmedia":[{"embeddable":true,"href":"https:\/\/blogs.correiobraziliense.com.br\/capital-sa\/wp-json\/wp\/v2\/media\/12719"}],"wp:attachment":[{"href":"https:\/\/blogs.correiobraziliense.com.br\/capital-sa\/wp-json\/wp\/v2\/media?parent=12716"}],"wp:term":[{"taxonomy":"category","embeddable":true,"href":"https:\/\/blogs.correiobraziliense.com.br\/capital-sa\/wp-json\/wp\/v2\/categories?post=12716"},{"taxonomy":"post_tag","embeddable":true,"href":"https:\/\/blogs.correiobraziliense.com.br\/capital-sa\/wp-json\/wp\/v2\/tags?post=12716"}],"curies":[{"name":"wp","href":"https:\/\/api.w.org\/{rel}","templated":true}]}}