{"id":12707,"date":"2023-05-02T14:18:19","date_gmt":"2023-05-02T17:18:19","guid":{"rendered":"https:\/\/blogs.correiobraziliense.com.br\/capital-sa\/?p=12707"},"modified":"2023-05-02T22:19:49","modified_gmt":"2023-05-03T01:19:49","slug":"apoio-a-empresarias-de-lingua-portuguesa","status":"publish","type":"post","link":"https:\/\/blogs.correiobraziliense.com.br\/capital-sa\/2023\/05\/02\/apoio-a-empresarias-de-lingua-portuguesa\/","title":{"rendered":"Apoio a empres\u00e1rias de l\u00edngua portuguesa"},"content":{"rendered":"<p class=\"p1\" style=\"padding-left: 30px\"><b>\u00a0Por Samanta Sallum\u00a0<\/b><\/p>\n<p class=\"p1\"><span class=\"s1\">Na Embaixada do Brasil em Lisboa, ocorreu o lan\u00e7amento do N\u00facleo Presencial do Clube Mulheres de Neg\u00f3cios de Portugal, que re\u00fane empres\u00e1rias de diversos pa\u00edses de l\u00edngua portuguesa.<\/span><\/p>\n<p class=\"p1\"><span class=\"s1\">O evento contou com representantes locais e do Brasil, al\u00e9m de autoridades como o diretor de turismo de Portugal, Bernardo Cardoso, e do Presidente do WTC de Lisboa, Luciano Menezes. <\/span><\/p>\n<p class=\"p1\"><span class=\"s1\"><b>Homenagem<\/b><\/span><\/p>\n<p class=\"p1\"><span class=\"s1\">Na ocasi\u00e3o, foi feita homenagem \u00e0 Embaixadora Honor\u00e1ria do Clube, a brasileira Monica Monteiro, por seu compromisso em criar protagonismo para mulheres em diversos setores. A presidente do Clube, Rijarda Arist\u00f3teles, ressaltou a import\u00e2ncia das mulheres cada vez mais se apoiarem para reduzir o <em>gap<\/em> de equidade. A entidade est\u00e1 presente em 12 pa\u00edses.<\/span><\/p>\n","protected":false},"excerpt":{"rendered":"<p>\u00a0Por Samanta Sallum\u00a0 Na Embaixada do Brasil em Lisboa, ocorreu o lan\u00e7amento do N\u00facleo Presencial do Clube Mulheres de Neg\u00f3cios de Portugal, que re\u00fane empres\u00e1rias de diversos pa\u00edses de l\u00edngua portuguesa. O evento contou com representantes locais e do Brasil, al\u00e9m de autoridades como o diretor de turismo de Portugal, Bernardo Cardoso, e do Presidente do WTC de Lisboa, Luciano [&hellip;]<\/p>\n","protected":false},"author":125,"featured_media":12711,"comment_status":"open","ping_status":"open","sticky":false,"template":"","format":"standard","meta":{"footnotes":""},"categories":[6],"tags":[1725,1999,103],"class_list":["post-12707","post","type-post","status-publish","format-standard","has-post-thumbnail","hentry","category-coluna-capital-s-a","tag-empresarias","tag-linguaportuguesa","tag-mulheres"],"_links":{"self":[{"href":"https:\/\/blogs.correiobraziliense.com.br\/capital-sa\/wp-json\/wp\/v2\/posts\/12707","targetHints":{"allow":["GET"]}}],"collection":[{"href":"https:\/\/blogs.correiobraziliense.com.br\/capital-sa\/wp-json\/wp\/v2\/posts"}],"about":[{"href":"https:\/\/blogs.correiobraziliense.com.br\/capital-sa\/wp-json\/wp\/v2\/types\/post"}],"author":[{"embeddable":true,"href":"https:\/\/blogs.correiobraziliense.com.br\/capital-sa\/wp-json\/wp\/v2\/users\/125"}],"replies":[{"embeddable":true,"href":"https:\/\/blogs.correiobraziliense.com.br\/capital-sa\/wp-json\/wp\/v2\/comments?post=12707"}],"version-history":[{"count":5,"href":"https:\/\/blogs.correiobraziliense.com.br\/capital-sa\/wp-json\/wp\/v2\/posts\/12707\/revisions"}],"predecessor-version":[{"id":12733,"href":"https:\/\/blogs.correiobraziliense.com.br\/capital-sa\/wp-json\/wp\/v2\/posts\/12707\/revisions\/12733"}],"wp:featuredmedia":[{"embeddable":true,"href":"https:\/\/blogs.correiobraziliense.com.br\/capital-sa\/wp-json\/wp\/v2\/media\/12711"}],"wp:attachment":[{"href":"https:\/\/blogs.correiobraziliense.com.br\/capital-sa\/wp-json\/wp\/v2\/media?parent=12707"}],"wp:term":[{"taxonomy":"category","embeddable":true,"href":"https:\/\/blogs.correiobraziliense.com.br\/capital-sa\/wp-json\/wp\/v2\/categories?post=12707"},{"taxonomy":"post_tag","embeddable":true,"href":"https:\/\/blogs.correiobraziliense.com.br\/capital-sa\/wp-json\/wp\/v2\/tags?post=12707"}],"curies":[{"name":"wp","href":"https:\/\/api.w.org\/{rel}","templated":true}]}}