{"id":12703,"date":"2023-05-02T14:07:55","date_gmt":"2023-05-02T17:07:55","guid":{"rendered":"https:\/\/blogs.correiobraziliense.com.br\/capital-sa\/?p=12703"},"modified":"2023-05-02T16:32:29","modified_gmt":"2023-05-02T19:32:29","slug":"encontro-para-fortalecer-a-industria-do-df","status":"publish","type":"post","link":"https:\/\/blogs.correiobraziliense.com.br\/capital-sa\/2023\/05\/02\/encontro-para-fortalecer-a-industria-do-df\/","title":{"rendered":"Encontro para fortalecer a ind\u00fastria do DF"},"content":{"rendered":"<p class=\"p1\"><b>Por Samanta Sallum\u00a0<\/b><\/p>\n<p class=\"p1\"><span class=\"s1\">O movimento pela reindustrializa\u00e7\u00e3o do Brasil, com foco no desenvolvimento do setor no DF, foi a pauta do encontro entre o vice-presidente da Rep\u00fablica, Geraldo Alckmin, que tamb\u00e9m \u00e9 ministro do setor, e o presidente da Fibra, Jamal Jorge Bittar. O encontro foi na semana passada no Pal\u00e1cio do Planalto.<br \/>\n<\/span><\/p>\n<p class=\"p1\"><span class=\"s1\">&#8220;Alckmin \u00e9<span class=\"Apple-converted-space\">\u00a0<\/span>grande incentivador da ind\u00fastria nacional e se colocou pronto para trabalhar a\u00e7\u00f5es no minist\u00e9rio que deem apoio ao DF&#8221;, contou o presidente da Fibra. <\/span><\/p>\n<p class=\"p1\"><span class=\"s1\"><b>Atrair novas empresas <\/b><\/span><\/p>\n<p class=\"p1\"><span class=\"s1\">Bittar refor\u00e7a que a capital federal precisa ampliar a participa\u00e7\u00e3o da ind\u00fastria no PIB local.<span class=\"Apple-converted-space\">\u00a0<\/span>&#8220;Tratamos sobre como fortalecer as empresas j\u00e1 instaladas e formas de atrair novos neg\u00f3cios, especialmente os relacionados \u00e0 ind\u00fastria limpa, de produtos de alto valor agregado.&#8221;<\/span><\/p>\n","protected":false},"excerpt":{"rendered":"<p>Por Samanta Sallum\u00a0 O movimento pela reindustrializa\u00e7\u00e3o do Brasil, com foco no desenvolvimento do setor no DF, foi a pauta do encontro entre o vice-presidente da Rep\u00fablica, Geraldo Alckmin, que tamb\u00e9m \u00e9 ministro do setor, e o presidente da Fibra, Jamal Jorge Bittar. O encontro foi na semana passada no Pal\u00e1cio do Planalto. &#8220;Alckmin \u00e9\u00a0grande incentivador da ind\u00fastria nacional e [&hellip;]<\/p>\n","protected":false},"author":125,"featured_media":12706,"comment_status":"open","ping_status":"open","sticky":false,"template":"","format":"standard","meta":{"footnotes":""},"categories":[6],"tags":[1688,1520,71],"class_list":["post-12703","post","type-post","status-publish","format-standard","has-post-thumbnail","hentry","category-coluna-capital-s-a","tag-alckmin","tag-industriabrasileira","tag-fibra"],"_links":{"self":[{"href":"https:\/\/blogs.correiobraziliense.com.br\/capital-sa\/wp-json\/wp\/v2\/posts\/12703","targetHints":{"allow":["GET"]}}],"collection":[{"href":"https:\/\/blogs.correiobraziliense.com.br\/capital-sa\/wp-json\/wp\/v2\/posts"}],"about":[{"href":"https:\/\/blogs.correiobraziliense.com.br\/capital-sa\/wp-json\/wp\/v2\/types\/post"}],"author":[{"embeddable":true,"href":"https:\/\/blogs.correiobraziliense.com.br\/capital-sa\/wp-json\/wp\/v2\/users\/125"}],"replies":[{"embeddable":true,"href":"https:\/\/blogs.correiobraziliense.com.br\/capital-sa\/wp-json\/wp\/v2\/comments?post=12703"}],"version-history":[{"count":4,"href":"https:\/\/blogs.correiobraziliense.com.br\/capital-sa\/wp-json\/wp\/v2\/posts\/12703\/revisions"}],"predecessor-version":[{"id":12723,"href":"https:\/\/blogs.correiobraziliense.com.br\/capital-sa\/wp-json\/wp\/v2\/posts\/12703\/revisions\/12723"}],"wp:featuredmedia":[{"embeddable":true,"href":"https:\/\/blogs.correiobraziliense.com.br\/capital-sa\/wp-json\/wp\/v2\/media\/12706"}],"wp:attachment":[{"href":"https:\/\/blogs.correiobraziliense.com.br\/capital-sa\/wp-json\/wp\/v2\/media?parent=12703"}],"wp:term":[{"taxonomy":"category","embeddable":true,"href":"https:\/\/blogs.correiobraziliense.com.br\/capital-sa\/wp-json\/wp\/v2\/categories?post=12703"},{"taxonomy":"post_tag","embeddable":true,"href":"https:\/\/blogs.correiobraziliense.com.br\/capital-sa\/wp-json\/wp\/v2\/tags?post=12703"}],"curies":[{"name":"wp","href":"https:\/\/api.w.org\/{rel}","templated":true}]}}