{"id":12677,"date":"2023-04-28T13:16:02","date_gmt":"2023-04-28T16:16:02","guid":{"rendered":"https:\/\/blogs.correiobraziliense.com.br\/capital-sa\/?p=12677"},"modified":"2023-05-02T16:26:11","modified_gmt":"2023-05-02T19:26:11","slug":"8-de-janeiro-estilhacou-imagem-turistica-internacional-de-brasilia","status":"publish","type":"post","link":"https:\/\/blogs.correiobraziliense.com.br\/capital-sa\/2023\/04\/28\/8-de-janeiro-estilhacou-imagem-turistica-internacional-de-brasilia\/","title":{"rendered":"8 de janeiro estilha\u00e7ou imagem tur\u00edstica internacional de Bras\u00edlia"},"content":{"rendered":"<p><b>Por Samanta Sallum (Enviada Especial)<\/b><\/p>\n<p><strong>Aveiro<\/strong> &#8211; O presidente do Turismo Centro de Portugal, Pedro Machado, recebeu ontem uma delega\u00e7\u00e3o brasiliense de empres\u00e1rios que pesquisam boas pr\u00e1ticas realizadas nos<br \/>\nsetores de Turismo, Economia Criativa e Inova\u00e7\u00e3o. Ao ser perguntado sobre o interesse tur\u00edstico dos portugueses por Bras\u00edlia, ele, que estar\u00e1 em S\u00e3o Paulo nas pr\u00f3ximas semanas para evento de enoturismo, apontou a imagem negativa que a capital\u00a0tem no momento. &#8220;Aquelas imagens do que aconteceu em 8 de janeiro foram muito fortes. Passaram um clima de de grande inseguran\u00e7a na cidade&#8221;, disse Machado.<\/p>\n<p class=\"p2\"><span class=\"s1\"><b>Esfor\u00e7o de comunica\u00e7\u00e3o <\/b><\/span><\/p>\n<p class=\"p2\"><span class=\"s1\">Segundo o presidente presidente de Turismo Centro de Portugal, Bras\u00edlia ter\u00e1 de fazer um grande e estrat\u00e9gico esfor\u00e7o de comunica\u00e7\u00e3o internacional para reverter a deprecia\u00e7\u00e3o da cidade, apesar dos belos atrativos que tem.<br \/>\n<\/span><\/p>\n<p><img loading=\"lazy\" decoding=\"async\" class=\"aligncenter size-medium wp-image-12685\" src=\"https:\/\/blogs.correiobraziliense.com.br\/capital-sa\/wp-content\/uploads\/sites\/59\/2023\/04\/05AA76AD-3023-4DAA-B3BE-975A75AFCB0A-300x213.jpeg\" alt=\"\" width=\"300\" height=\"213\" srcset=\"https:\/\/blogs.correiobraziliense.com.br\/capital-sa\/wp-content\/uploads\/sites\/59\/2023\/04\/05AA76AD-3023-4DAA-B3BE-975A75AFCB0A-300x213.jpeg 300w, https:\/\/blogs.correiobraziliense.com.br\/capital-sa\/wp-content\/uploads\/sites\/59\/2023\/04\/05AA76AD-3023-4DAA-B3BE-975A75AFCB0A-550x391.jpeg 550w, https:\/\/blogs.correiobraziliense.com.br\/capital-sa\/wp-content\/uploads\/sites\/59\/2023\/04\/05AA76AD-3023-4DAA-B3BE-975A75AFCB0A-230x163.jpeg 230w, https:\/\/blogs.correiobraziliense.com.br\/capital-sa\/wp-content\/uploads\/sites\/59\/2023\/04\/05AA76AD-3023-4DAA-B3BE-975A75AFCB0A.jpeg 636w\" sizes=\"auto, (max-width: 300px) 100vw, 300px\" \/><\/p>\n<p class=\"p2\"><span class=\"s1\">Isso vai ao encontro dos dados da Embratur que apontaram que a grande maioria de acessos internacionais sobre Bras\u00edlia no Google \u00e9 referente ao dia do vandalismo na Esplanada. Fica o alerta para o secret\u00e1rio de Turismo do DF, Cristiano Ara\u00fajo.<\/span><\/p>\n<p class=\"p2\"><span class=\"s1\"><b> Miss\u00e3o t\u00e9cnica <\/b><\/span><\/p>\n<p class=\"p2\"><span class=\"s1\">A comitiva de representantes do setor de eventos e turismo do DF acontece no \u00e2mbito de uma Miss\u00e3o T\u00e9cnica Empresarial Internacional, organizada pelo Sebrae. \u00c9 composta por 18 pequenos e m\u00e9dios empres\u00e1rios.<span class=\"Apple-converted-space\">\u00a0<\/span>Tamb\u00e9m integram o grupo a vice-governadora do Distrito Federal do Brasil, Celina Le\u00e3o, e a superintendente regional do Sebrae, Rose Rainha. <\/span><\/p>\n<p class=\"p2\"><span class=\"s1\"><b>Em ascens\u00e3o <\/b><\/span><\/p>\n<p class=\"p2\"><span class=\"s1\">A escolha de Portugal para a miss\u00e3o se deve ao fato de o pa\u00eds ser um case no mundo de sucesso no turismo. Tem uma popula\u00e7\u00e3o de cerca de 10 milh\u00f5es de pessoas e recebe por ano 26 milh\u00f5es de turistas. O setor salvou o pa\u00eds de grave crise econ\u00f4mica h\u00e1 10 anos. E j\u00e1 em 2022 tinha ultrapassado os n\u00fameros da pr\u00e9-pandemia.<\/span><\/p>\n<blockquote>\n<p class=\"p2\"><span class=\"s1\">&#8220;O mercado brasileiro \u00e9 um dos que mais tem crescido no Centro de Portugal, sendo hoje um alvo estrat\u00e9gico para n\u00f3s&#8221;, destacou Pedro Machado.<\/span><\/p>\n<\/blockquote>\n<p class=\"p2\"><span class=\"s1\"><b>Veneza portuguesa<\/b><\/span><\/p>\n<p><img loading=\"lazy\" decoding=\"async\" class=\"aligncenter size-medium wp-image-12687\" src=\"https:\/\/blogs.correiobraziliense.com.br\/capital-sa\/wp-content\/uploads\/sites\/59\/2023\/04\/8A3580FD-A1E0-42BF-AA7F-E6CB0BFF39AE-300x225.jpeg\" alt=\"\" width=\"300\" height=\"225\" srcset=\"https:\/\/blogs.correiobraziliense.com.br\/capital-sa\/wp-content\/uploads\/sites\/59\/2023\/04\/8A3580FD-A1E0-42BF-AA7F-E6CB0BFF39AE-300x225.jpeg 300w, https:\/\/blogs.correiobraziliense.com.br\/capital-sa\/wp-content\/uploads\/sites\/59\/2023\/04\/8A3580FD-A1E0-42BF-AA7F-E6CB0BFF39AE-768x576.jpeg 768w, https:\/\/blogs.correiobraziliense.com.br\/capital-sa\/wp-content\/uploads\/sites\/59\/2023\/04\/8A3580FD-A1E0-42BF-AA7F-E6CB0BFF39AE-1024x768.jpeg 1024w, https:\/\/blogs.correiobraziliense.com.br\/capital-sa\/wp-content\/uploads\/sites\/59\/2023\/04\/8A3580FD-A1E0-42BF-AA7F-E6CB0BFF39AE-1440x1080.jpeg 1440w, https:\/\/blogs.correiobraziliense.com.br\/capital-sa\/wp-content\/uploads\/sites\/59\/2023\/04\/8A3580FD-A1E0-42BF-AA7F-E6CB0BFF39AE-800x600.jpeg 800w, https:\/\/blogs.correiobraziliense.com.br\/capital-sa\/wp-content\/uploads\/sites\/59\/2023\/04\/8A3580FD-A1E0-42BF-AA7F-E6CB0BFF39AE-550x413.jpeg 550w, https:\/\/blogs.correiobraziliense.com.br\/capital-sa\/wp-content\/uploads\/sites\/59\/2023\/04\/8A3580FD-A1E0-42BF-AA7F-E6CB0BFF39AE-230x173.jpeg 230w\" sizes=\"auto, (max-width: 300px) 100vw, 300px\" \/><\/p>\n<p class=\"p2\"><span class=\"s1\">O Turismo Centro de Portugal \u00e9 a entidade que estrutura e promove o setor na Regi\u00e3o Central do pa\u00eds, abrangendo 100 munic\u00edpios. Concilia locais de Patrim\u00f4nio da Humanidade e a melhor costa de surfe da Europa. O encontro com Machado foi na cidade de Aveiro, conhecida como a Veneza portuguesa. <\/span><\/p>\n","protected":false},"excerpt":{"rendered":"<p>Por Samanta Sallum (Enviada Especial) Aveiro &#8211; O presidente do Turismo Centro de Portugal, Pedro Machado, recebeu ontem uma delega\u00e7\u00e3o brasiliense de empres\u00e1rios que pesquisam boas pr\u00e1ticas realizadas nos setores de Turismo, Economia Criativa e Inova\u00e7\u00e3o. Ao ser perguntado sobre o interesse tur\u00edstico dos portugueses por Bras\u00edlia, ele, que estar\u00e1 em S\u00e3o Paulo nas pr\u00f3ximas semanas para evento de enoturismo, [&hellip;]<\/p>\n","protected":false},"author":125,"featured_media":12683,"comment_status":"open","ping_status":"open","sticky":false,"template":"","format":"standard","meta":{"footnotes":""},"categories":[6],"tags":[748,124,1988,333,1997],"class_list":["post-12677","post","type-post","status-publish","format-standard","has-post-thumbnail","hentry","category-coluna-capital-s-a","tag-alerta","tag-brasilia","tag-portugal","tag-turismo","tag-vandalismo"],"_links":{"self":[{"href":"https:\/\/blogs.correiobraziliense.com.br\/capital-sa\/wp-json\/wp\/v2\/posts\/12677","targetHints":{"allow":["GET"]}}],"collection":[{"href":"https:\/\/blogs.correiobraziliense.com.br\/capital-sa\/wp-json\/wp\/v2\/posts"}],"about":[{"href":"https:\/\/blogs.correiobraziliense.com.br\/capital-sa\/wp-json\/wp\/v2\/types\/post"}],"author":[{"embeddable":true,"href":"https:\/\/blogs.correiobraziliense.com.br\/capital-sa\/wp-json\/wp\/v2\/users\/125"}],"replies":[{"embeddable":true,"href":"https:\/\/blogs.correiobraziliense.com.br\/capital-sa\/wp-json\/wp\/v2\/comments?post=12677"}],"version-history":[{"count":11,"href":"https:\/\/blogs.correiobraziliense.com.br\/capital-sa\/wp-json\/wp\/v2\/posts\/12677\/revisions"}],"predecessor-version":[{"id":12721,"href":"https:\/\/blogs.correiobraziliense.com.br\/capital-sa\/wp-json\/wp\/v2\/posts\/12677\/revisions\/12721"}],"wp:featuredmedia":[{"embeddable":true,"href":"https:\/\/blogs.correiobraziliense.com.br\/capital-sa\/wp-json\/wp\/v2\/media\/12683"}],"wp:attachment":[{"href":"https:\/\/blogs.correiobraziliense.com.br\/capital-sa\/wp-json\/wp\/v2\/media?parent=12677"}],"wp:term":[{"taxonomy":"category","embeddable":true,"href":"https:\/\/blogs.correiobraziliense.com.br\/capital-sa\/wp-json\/wp\/v2\/categories?post=12677"},{"taxonomy":"post_tag","embeddable":true,"href":"https:\/\/blogs.correiobraziliense.com.br\/capital-sa\/wp-json\/wp\/v2\/tags?post=12677"}],"curies":[{"name":"wp","href":"https:\/\/api.w.org\/{rel}","templated":true}]}}