{"id":12667,"date":"2023-04-27T08:08:57","date_gmt":"2023-04-27T11:08:57","guid":{"rendered":"https:\/\/blogs.correiobraziliense.com.br\/capital-sa\/?p=12667"},"modified":"2023-04-27T16:41:57","modified_gmt":"2023-04-27T19:41:57","slug":"camara-federal-aprova-dinheiro-do-sesc-e-do-senac-para-embratur","status":"publish","type":"post","link":"https:\/\/blogs.correiobraziliense.com.br\/capital-sa\/2023\/04\/27\/camara-federal-aprova-dinheiro-do-sesc-e-do-senac-para-embratur\/","title":{"rendered":"C\u00e2mara Federal aprova dinheiro do Sesc e do Senac para Embratur"},"content":{"rendered":"<p class=\"p1\"><b>Por Samanta Sallum\u00a0<\/b><\/p>\n<p class=\"p1\"><span class=\"s1\">Apesar do esfor\u00e7o contr\u00e1rio da CNC,<span class=\"Apple-converted-space\">\u00a0 <\/span>foi aprovado ontem na C\u00e2mara dos Deputados o redirecionamento de 5% das contribui\u00e7\u00f5es do Sesc e do Senac para financiamento da Embratur. O texto segue para o Senado. Foram realizadas v\u00e1rias articula\u00e7\u00f5es para evitar a retirada de recursos das duas entidades. A medida, no entanto, foi inserida no texto no mesmo dia da vota\u00e7\u00e3o e passou.<\/span><\/p>\n<p class=\"p1\"><strong><span class=\"s1\">R$ 400 milh\u00f5es<\/span><\/strong><\/p>\n<p class=\"p1\"><span class=\"s1\">Valor previsto para refor\u00e7ar \u00a0o or\u00e7amento da Embratur<\/span><\/p>\n<p class=\"p1\"><span class=\"s1\">A an\u00e1lise pol\u00edtica da vota\u00e7\u00e3o \u00e9 que Marcelo Freixo foi bem-sucedido na estrat\u00e9gia de mirar apenas nos recursos da CNC. E n\u00e3o em todo o sistema<span class=\"Apple-converted-space\">\u00a0<\/span>S, deixando de fora os\u00a0<\/span>setores da Agricultura e da Ind\u00fastria.<\/p>\n<p class=\"p1\"><span class=\"s1\"><b>Precedente<\/b><\/span><\/p>\n<p class=\"p1\"><span class=\"s1\">A entidade do Com\u00e9rcio alerta que a aprova\u00e7\u00e3o abre uma precedente para que o or\u00e7amento tamb\u00e9m das outras esferas do sistema seja atingido.<\/span><\/p>\n<p class=\"p1\"><span class=\"s1\"><b>Resist\u00eancia<\/b><\/span><\/p>\n<p class=\"p1\"><span class=\"s1\">A CNC informou que &#8220;vai manter a efetividade das a\u00e7\u00f5es no Senado Federal, no sentido de preserva\u00e7\u00e3o das entidades, assim como a atua\u00e7\u00e3o no Executivo, a depender do resultado da mat\u00e9ria no \u00e2mbito do Legislativo&#8221;. O presidente Jos\u00e9 Roberto Tadros levou o assunto pessoalmente ao presidente Lula para evitar a san\u00e7\u00e3o. <\/span><\/p>\n","protected":false},"excerpt":{"rendered":"<p>Por Samanta Sallum\u00a0 Apesar do esfor\u00e7o contr\u00e1rio da CNC,\u00a0 foi aprovado ontem na C\u00e2mara dos Deputados o redirecionamento de 5% das contribui\u00e7\u00f5es do Sesc e do Senac para financiamento da Embratur. O texto segue para o Senado. Foram realizadas v\u00e1rias articula\u00e7\u00f5es para evitar a retirada de recursos das duas entidades. A medida, no entanto, foi inserida no texto no mesmo [&hellip;]<\/p>\n","protected":false},"author":125,"featured_media":12672,"comment_status":"open","ping_status":"open","sticky":false,"template":"","format":"standard","meta":{"footnotes":""},"categories":[6],"tags":[275,1993,1989,156,62],"class_list":["post-12667","post","type-post","status-publish","format-standard","has-post-thumbnail","hentry","category-coluna-capital-s-a","tag-cnc","tag-contribuicoes","tag-embratur","tag-senac","tag-sesc"],"_links":{"self":[{"href":"https:\/\/blogs.correiobraziliense.com.br\/capital-sa\/wp-json\/wp\/v2\/posts\/12667","targetHints":{"allow":["GET"]}}],"collection":[{"href":"https:\/\/blogs.correiobraziliense.com.br\/capital-sa\/wp-json\/wp\/v2\/posts"}],"about":[{"href":"https:\/\/blogs.correiobraziliense.com.br\/capital-sa\/wp-json\/wp\/v2\/types\/post"}],"author":[{"embeddable":true,"href":"https:\/\/blogs.correiobraziliense.com.br\/capital-sa\/wp-json\/wp\/v2\/users\/125"}],"replies":[{"embeddable":true,"href":"https:\/\/blogs.correiobraziliense.com.br\/capital-sa\/wp-json\/wp\/v2\/comments?post=12667"}],"version-history":[{"count":6,"href":"https:\/\/blogs.correiobraziliense.com.br\/capital-sa\/wp-json\/wp\/v2\/posts\/12667\/revisions"}],"predecessor-version":[{"id":12676,"href":"https:\/\/blogs.correiobraziliense.com.br\/capital-sa\/wp-json\/wp\/v2\/posts\/12667\/revisions\/12676"}],"wp:featuredmedia":[{"embeddable":true,"href":"https:\/\/blogs.correiobraziliense.com.br\/capital-sa\/wp-json\/wp\/v2\/media\/12672"}],"wp:attachment":[{"href":"https:\/\/blogs.correiobraziliense.com.br\/capital-sa\/wp-json\/wp\/v2\/media?parent=12667"}],"wp:term":[{"taxonomy":"category","embeddable":true,"href":"https:\/\/blogs.correiobraziliense.com.br\/capital-sa\/wp-json\/wp\/v2\/categories?post=12667"},{"taxonomy":"post_tag","embeddable":true,"href":"https:\/\/blogs.correiobraziliense.com.br\/capital-sa\/wp-json\/wp\/v2\/tags?post=12667"}],"curies":[{"name":"wp","href":"https:\/\/api.w.org\/{rel}","templated":true}]}}