{"id":12647,"date":"2023-04-25T08:02:57","date_gmt":"2023-04-25T11:02:57","guid":{"rendered":"https:\/\/blogs.correiobraziliense.com.br\/capital-sa\/?p=12647"},"modified":"2023-04-25T11:11:33","modified_gmt":"2023-04-25T14:11:33","slug":"cnc-rechaca-plano-da-embratur","status":"publish","type":"post","link":"https:\/\/blogs.correiobraziliense.com.br\/capital-sa\/2023\/04\/25\/cnc-rechaca-plano-da-embratur\/","title":{"rendered":"CNC recha\u00e7a plano da Embratur"},"content":{"rendered":"<p class=\"p1\"><em>Durante inaugura\u00e7\u00e3o do escrit\u00f3rio da entidade em Lisboa, Confedera\u00e7\u00e3o do Com\u00e9rcio reagiu a Marcelo Freixo, que quer R$ 400 milh\u00f5es do Sistema S<\/em><\/p>\n<p class=\"p1\"><strong><span class=\"s1\">Por Samanta Sallum (<\/span><\/strong>Enviada Especial)<\/p>\n<p><b>Lisboa<\/b> &#8211; A Confedera\u00e7\u00e3o Nacional do Com\u00e9rcio de Bens, Servi\u00e7os e Turismo (CNC) reagiu fortemente \u00e0s articula\u00e7\u00f5es do presidente da Embratur, Marcelo Freixo, de abocanhar parte do or\u00e7amento do Sesc e do Senac nacionais. O presidente da entidade, Jos\u00e9 Roberto Tadros, levou o descontentamento da CNC ao presidente da Rep\u00fablica Luiz In\u00e1cio Lula da Silva. Pediu que ele esvazie a ideia de Freixo.<\/p>\n<p class=\"p1\"><span class=\"s1\">&#8220;N\u00e3o vamos abrir m\u00e3o de um centavo. N\u00e3o aceitaremos que seja tirado algo do nosso or\u00e7amento. N\u00e3o permitiremos esse ass\u00e9dio sobre a nossa efici\u00eancia sobre esses recursos. Eles n\u00e3o s\u00e3o p\u00fablicos. V\u00eam da contribui\u00e7\u00e3o dos empres\u00e1rios. E s\u00e3o aplicados em prol de toda a sociedade brasileira. Essa tentativa de mexer no sistema S, al\u00e9m de tudo, \u00e9 inconstitucional&#8221;, frisou Tadros. <\/span><\/p>\n<p class=\"p1\"><span class=\"s1\">A fala, em tom contundente, abriu o discurso ontem do l\u00edder da CNC na solenidade de inaugura\u00e7\u00e3o do primeiro escrit\u00f3rio internacional da institui\u00e7\u00e3o. O espa\u00e7o estrat\u00e9gico para ampliar as rela\u00e7\u00f5es comerciais entre o Brasil e a Europa<span class=\"Apple-converted-space\">\u00a0<\/span>fica no complexo World Trade Center (WTC), em Lisboa. Freixo chegou a ser convidado, mas n\u00e3o compareceu. Ele estava tamb\u00e9m em Portugal na comitiva presidencial. <\/span><\/p>\n<p class=\"p1\"><span class=\"s1\"><b>Encontro com Lula no domingo <\/b><\/span><\/p>\n<p class=\"p1\"><span class=\"s1\">O presidente da Rep\u00fablica esteve com Tadros um dia antes. Encontraram-se no sal\u00e3o reservado do hotel Tivoli, onde Lula estava hospedado em Lisboa. N<\/span>a ocasi\u00e3o, o chefe da CNC pediu a interven\u00e7\u00e3o do petista no caso. &#8220;Eu confio no presidente Lula e ele disse que resolveria essa quest\u00e3o&#8221;, afirmou Tadros ontem no evento.<\/p>\n<p class=\"p1\"><span class=\"s1\">A ideia de Freixo \u00e9 que 5% do or\u00e7amento do Sesc e Senac sejam direcionados para a Embratur, o que representa\u00a0<\/span>R$ 400 milh\u00f5es por ano. &#8220;Somos respons\u00e1veis por 110 mil funcion\u00e1rios e temos 150 obras em andamento em todo o pa\u00eds. N\u00e3o podemos perder esse valor&#8221;, rebateu Tadros.<\/p>\n<p class=\"p1\"><span class=\"s1\">Freixo alega que tem um estudo de viabilidade econ\u00f4mica para dar mais robustez \u00e0s a\u00e7\u00f5es da Embratur na promo\u00e7\u00e3o tur\u00edstica do Brasil no mundo. Segundo ele, o Sistema CNC poderia participar com parte dos recursos, j\u00e1 que a entidade representa empres\u00e1rios do setor de turismo e isso seria ben\u00e9fico para eles tamb\u00e9m, com a maior movimenta\u00e7\u00e3o de turistas no pa\u00eds. No entanto, a CNC aponta que a destina\u00e7\u00e3o de parte da arrecada\u00e7\u00e3o com a loteria federal j\u00e1 atenderia essa demanda da Embratur.<\/span><\/p>\n<p class=\"p1\"><span class=\"s1\"><b>Apex <\/b><\/span><\/p>\n<p class=\"p1\"><span class=\"s1\">A necessidade para a internacionaliza\u00e7\u00e3o dos neg\u00f3cios brasileiros, especialmente do setor terci\u00e1rio, foi pauta tamb\u00e9m do encontro de Lula e Tadros no domingo. Os dois trataram da import\u00e2ncia de haver um esfor\u00e7o interinstitucional para a acelera\u00e7\u00e3o do crescimento da economia externa. Nesse sentido, Lula informou que a Ag\u00eancia Brasileira de Promo\u00e7\u00e3o de Exporta\u00e7\u00f5es e Investimentos (Apex) deve inaugurar em breve um escrit\u00f3rio de representa\u00e7\u00e3o em Lisboa e tamb\u00e9m na Su\u00ed\u00e7a. <\/span><\/p>\n<p class=\"p1\"><strong><span class=\"s1\">Presen\u00e7as <\/span><\/strong><\/p>\n<p class=\"p1\"><span class=\"s1\">Participaram do encontro, os presidentes das Federa\u00e7\u00f5es Nacionais e dos Estados.<\/span><\/p>\n<p class=\"p1\"><span class=\"s1\">Entre as diversas autoridades presentes \u00e0 inaugura\u00e7\u00e3o do escrit\u00f3rio da CNC, estavam\u00a0<\/span><span class=\"s1\">o presidente da Comiss\u00e3o de Rela\u00e7\u00f5es Exteriores e Defesa Nacional da C\u00e2mara dos Deputados, deputado Paulo Alexandre Barbosa (PSDB-SP), o senador Fernando Farias (MDB-AL), a vice-governadora do Distrito Federal, Celina Le\u00e3o, a ex-senadora K\u00e1tia Abreu (PP-TO) e o vice-presidente e do WTC Lisboa. Jos\u00e9 Magro. O presidente da Confedera\u00e7\u00e3o Nacional dos Transportes (CNT) tamb\u00e9m prestigiou o evento.<\/span><\/p>\n","protected":false},"excerpt":{"rendered":"<p>Durante inaugura\u00e7\u00e3o do escrit\u00f3rio da entidade em Lisboa, Confedera\u00e7\u00e3o do Com\u00e9rcio reagiu a Marcelo Freixo, que quer R$ 400 milh\u00f5es do Sistema S Por Samanta Sallum (Enviada Especial) Lisboa &#8211; A Confedera\u00e7\u00e3o Nacional do Com\u00e9rcio de Bens, Servi\u00e7os e Turismo (CNC) reagiu fortemente \u00e0s articula\u00e7\u00f5es do presidente da Embratur, Marcelo Freixo, de abocanhar parte do or\u00e7amento do Sesc e do [&hellip;]<\/p>\n","protected":false},"author":125,"featured_media":12653,"comment_status":"open","ping_status":"open","sticky":false,"template":"","format":"standard","meta":{"footnotes":""},"categories":[6],"tags":[275,1989,1165,1991,1069,155,1809],"class_list":["post-12647","post","type-post","status-publish","format-standard","has-post-thumbnail","hentry","category-coluna-capital-s-a","tag-cnc","tag-embratur","tag-lula","tag-marcelofreixo","tag-orcamento","tag-sistemas","tag-apex"],"_links":{"self":[{"href":"https:\/\/blogs.correiobraziliense.com.br\/capital-sa\/wp-json\/wp\/v2\/posts\/12647","targetHints":{"allow":["GET"]}}],"collection":[{"href":"https:\/\/blogs.correiobraziliense.com.br\/capital-sa\/wp-json\/wp\/v2\/posts"}],"about":[{"href":"https:\/\/blogs.correiobraziliense.com.br\/capital-sa\/wp-json\/wp\/v2\/types\/post"}],"author":[{"embeddable":true,"href":"https:\/\/blogs.correiobraziliense.com.br\/capital-sa\/wp-json\/wp\/v2\/users\/125"}],"replies":[{"embeddable":true,"href":"https:\/\/blogs.correiobraziliense.com.br\/capital-sa\/wp-json\/wp\/v2\/comments?post=12647"}],"version-history":[{"count":9,"href":"https:\/\/blogs.correiobraziliense.com.br\/capital-sa\/wp-json\/wp\/v2\/posts\/12647\/revisions"}],"predecessor-version":[{"id":12659,"href":"https:\/\/blogs.correiobraziliense.com.br\/capital-sa\/wp-json\/wp\/v2\/posts\/12647\/revisions\/12659"}],"wp:featuredmedia":[{"embeddable":true,"href":"https:\/\/blogs.correiobraziliense.com.br\/capital-sa\/wp-json\/wp\/v2\/media\/12653"}],"wp:attachment":[{"href":"https:\/\/blogs.correiobraziliense.com.br\/capital-sa\/wp-json\/wp\/v2\/media?parent=12647"}],"wp:term":[{"taxonomy":"category","embeddable":true,"href":"https:\/\/blogs.correiobraziliense.com.br\/capital-sa\/wp-json\/wp\/v2\/categories?post=12647"},{"taxonomy":"post_tag","embeddable":true,"href":"https:\/\/blogs.correiobraziliense.com.br\/capital-sa\/wp-json\/wp\/v2\/tags?post=12647"}],"curies":[{"name":"wp","href":"https:\/\/api.w.org\/{rel}","templated":true}]}}