{"id":12634,"date":"2023-04-24T13:31:19","date_gmt":"2023-04-24T16:31:19","guid":{"rendered":"https:\/\/blogs.correiobraziliense.com.br\/capital-sa\/?p=12634"},"modified":"2023-04-25T10:54:57","modified_gmt":"2023-04-25T13:54:57","slug":"celina-leao-participa-de-inauguracao-da-cnc-em-lisboa","status":"publish","type":"post","link":"https:\/\/blogs.correiobraziliense.com.br\/capital-sa\/2023\/04\/24\/celina-leao-participa-de-inauguracao-da-cnc-em-lisboa\/","title":{"rendered":"Celina Le\u00e3o participa de evento da CNC em Lisboa"},"content":{"rendered":"<p class=\"p1\"><b>Por Samanta Sallum\u00a0<\/b><\/p>\n<p class=\"p1\"><span class=\"s1\">Nesta<span class=\"Apple-converted-space\">\u00a0<\/span>segunda-feira, no complexo World Trade Center (WTC), na capital lusitana, a Confedera\u00e7\u00e3o Nacional do Com\u00e9rcio de Bens, Servi\u00e7os e Turismo (CNC) inaugurou o primeiro escrit\u00f3rio internacional. O objetivo \u00e9 ampliar as oportunidades de neg\u00f3cios do setor terci\u00e1rio e de interc\u00e2mbio com a Europa e com o mundo.<\/span><\/p>\n<p class=\"p1\"><span class=\"s1\">&#8220;A escolha do WTC foi estrat\u00e9gica e vai possibilitar a integra\u00e7\u00e3o da Confedera\u00e7\u00e3o, do Sistema Com\u00e9rcio e dos empres\u00e1rios a uma das maiores plataformas mundiais de neg\u00f3cios e investimentos&#8221;, pontuou o presidente da CNC, Jos\u00e9 Roberto Tadros. <\/span><\/p>\n<p class=\"p1\"><span class=\"s1\">Entre as diversas autoridades presentes, participaram o presidente da Comiss\u00e3o de Rela\u00e7\u00f5es Exteriores e Defesa Nacional da C\u00e2mara dos Deputados, deputado federal Paulo Alexandre Barbosa (PSDB-SP), o senador Fernando Farias (MDB-AL), a vice-governadora do Distrito Federal, Celina Le\u00e3o, a ex-senadora K\u00e1tia Abreu (PP-TO) e o vice-presidente do WTC Lisboa.<\/span><\/p>\n<p>Celina Le\u00e3o est\u00e1 na comitiva do DF organizada pelo Sebrae regional e pela Fecom\u00e9rcio-DF em miss\u00e3o oficial para interc\u00e2mbio para inova\u00e7\u00f5es no setor de turismo e economia criativa. A superintendente do Sebrae DF, Rose Rainha, tamb\u00e9m participa da delega\u00e7\u00e3o. O presidente da Fecom\u00e9rcio, Jos\u00e9 Aparecido Freire, esteve juntamente com elas na solenidade na manh\u00e3 de hoje.<\/p>\n<p class=\"p2\"><span class=\"s1\"><b>Encontro com Lula<\/b><\/span><\/p>\n<p class=\"p2\"><span class=\"s1\">As necessidades para a internacionaliza\u00e7\u00e3o dos neg\u00f3cios brasileiros, especialmente do setor terci\u00e1rio, foi pauta do encontro entre Tadros e o presidente da Rep\u00fablica, Luiz In\u00e1cio Lula da Silva, no domingo (23), em Lisboa.\u00a0<\/span><\/p>\n<p class=\"p2\"><span class=\"s1\">Os dois trataram da import\u00e2ncia de haver um esfor\u00e7o interinstitucional para a acelera\u00e7\u00e3o do crescimento da economia externa. Nesse sentido, Lula informou que a Ag\u00eancia Brasileira de Promo\u00e7\u00e3o de Exporta\u00e7\u00f5es e Investimentos (Apex) deve inaugurar em breve um escrit\u00f3rio de representa\u00e7\u00e3o em Lisboa e na Su\u00ed\u00e7a.<\/span><\/p>\n<p>Participaram do encontro, tamb\u00e9m, os presidentes das Federa\u00e7\u00f5es Nacionais e dos Estados participantes da miss\u00e3o empresarial.<\/p>\n<p>&nbsp;<\/p>\n","protected":false},"excerpt":{"rendered":"<p>Por Samanta Sallum\u00a0 Nesta\u00a0segunda-feira, no complexo World Trade Center (WTC), na capital lusitana, a Confedera\u00e7\u00e3o Nacional do Com\u00e9rcio de Bens, Servi\u00e7os e Turismo (CNC) inaugurou o primeiro escrit\u00f3rio internacional. O objetivo \u00e9 ampliar as oportunidades de neg\u00f3cios do setor terci\u00e1rio e de interc\u00e2mbio com a Europa e com o mundo. &#8220;A escolha do WTC foi estrat\u00e9gica e vai possibilitar a [&hellip;]<\/p>\n","protected":false},"author":125,"featured_media":12637,"comment_status":"open","ping_status":"open","sticky":false,"template":"","format":"standard","meta":{"footnotes":""},"categories":[6],"tags":[1358,275,1990,923,517],"class_list":["post-12634","post","type-post","status-publish","format-standard","has-post-thumbnail","hentry","category-coluna-capital-s-a","tag-celinaleao","tag-cnc","tag-intercambio","tag-lisboa","tag-negocios"],"_links":{"self":[{"href":"https:\/\/blogs.correiobraziliense.com.br\/capital-sa\/wp-json\/wp\/v2\/posts\/12634","targetHints":{"allow":["GET"]}}],"collection":[{"href":"https:\/\/blogs.correiobraziliense.com.br\/capital-sa\/wp-json\/wp\/v2\/posts"}],"about":[{"href":"https:\/\/blogs.correiobraziliense.com.br\/capital-sa\/wp-json\/wp\/v2\/types\/post"}],"author":[{"embeddable":true,"href":"https:\/\/blogs.correiobraziliense.com.br\/capital-sa\/wp-json\/wp\/v2\/users\/125"}],"replies":[{"embeddable":true,"href":"https:\/\/blogs.correiobraziliense.com.br\/capital-sa\/wp-json\/wp\/v2\/comments?post=12634"}],"version-history":[{"count":12,"href":"https:\/\/blogs.correiobraziliense.com.br\/capital-sa\/wp-json\/wp\/v2\/posts\/12634\/revisions"}],"predecessor-version":[{"id":12657,"href":"https:\/\/blogs.correiobraziliense.com.br\/capital-sa\/wp-json\/wp\/v2\/posts\/12634\/revisions\/12657"}],"wp:featuredmedia":[{"embeddable":true,"href":"https:\/\/blogs.correiobraziliense.com.br\/capital-sa\/wp-json\/wp\/v2\/media\/12637"}],"wp:attachment":[{"href":"https:\/\/blogs.correiobraziliense.com.br\/capital-sa\/wp-json\/wp\/v2\/media?parent=12634"}],"wp:term":[{"taxonomy":"category","embeddable":true,"href":"https:\/\/blogs.correiobraziliense.com.br\/capital-sa\/wp-json\/wp\/v2\/categories?post=12634"},{"taxonomy":"post_tag","embeddable":true,"href":"https:\/\/blogs.correiobraziliense.com.br\/capital-sa\/wp-json\/wp\/v2\/tags?post=12634"}],"curies":[{"name":"wp","href":"https:\/\/api.w.org\/{rel}","templated":true}]}}