{"id":12613,"date":"2023-04-23T16:57:13","date_gmt":"2023-04-23T19:57:13","guid":{"rendered":"https:\/\/blogs.correiobraziliense.com.br\/capital-sa\/?p=12613"},"modified":"2023-04-24T11:47:06","modified_gmt":"2023-04-24T14:47:06","slug":"lula-se-reune-com-presidente-da-cnc-em-portugal","status":"publish","type":"post","link":"https:\/\/blogs.correiobraziliense.com.br\/capital-sa\/2023\/04\/23\/lula-se-reune-com-presidente-da-cnc-em-portugal\/","title":{"rendered":"Lula se re\u00fane com presidente da CNC em Portugal"},"content":{"rendered":"<p class=\"p2\"><span class=\"s1\"><b>Por Samanta Sallum\u00a0<\/b><\/span><\/p>\n<p>O presidente Lula se reuniu, agora h\u00e1 pouco, em Lisboa, com o presidente da Confedera\u00e7\u00e3o Nacional do Com\u00e9rcio de Bens, Servi\u00e7os e Turismo, Jos\u00e9 Roberto Tadros, e com todos os representantes das federa\u00e7\u00f5es estaduais da entidade. O encontro, que ocorreu em um dos sal\u00f5es reservados do Hotel Tivoli, n\u00e3o estava na agenda oficial. Foi organizado horas antes.<\/p>\n<p class=\"p2\"><span class=\"s1\">Lula foi cumprimentar os empres\u00e1rios que est\u00e3o em comitiva, na capital portuguesa, para a inaugura\u00e7\u00e3o do primeiro escrit\u00f3rio internacional da CNC, que ocorre amanh\u00e3. Como n\u00e3o poder\u00e1 comparecer \u00e0 solenidade, o presidente da Rep\u00fablica fez o gesto de se reunir antes com a delega\u00e7\u00e3o empresarial.<\/span><\/p>\n<p class=\"p2\"><span class=\"s1\">O encontro foi r\u00e1pido. Em cerca de 20 minutos, cumprimentou um por um dos presidente das Fecom\u00e9rcios dos estados. E conversou um pouco com Tadros, parabenizando-o pela iniciativa da abertura do escrit\u00f3rio que \u201cconverge com a pol\u00edtica de internacionaliza\u00e7\u00e3o\u201d de neg\u00f3cios do Brasil. Mas n\u00e3o fez discurso nem fala oficial.<\/span><\/p>\n<p><img loading=\"lazy\" decoding=\"async\" class=\"aligncenter size-medium wp-image-12624\" src=\"https:\/\/blogs.correiobraziliense.com.br\/capital-sa\/wp-content\/uploads\/sites\/59\/2023\/04\/7FFFF8E1-21C4-4916-A867-C0AF0C2DC0ED-300x225.jpeg\" alt=\"\" width=\"300\" height=\"225\" srcset=\"https:\/\/blogs.correiobraziliense.com.br\/capital-sa\/wp-content\/uploads\/sites\/59\/2023\/04\/7FFFF8E1-21C4-4916-A867-C0AF0C2DC0ED-300x225.jpeg 300w, https:\/\/blogs.correiobraziliense.com.br\/capital-sa\/wp-content\/uploads\/sites\/59\/2023\/04\/7FFFF8E1-21C4-4916-A867-C0AF0C2DC0ED-550x413.jpeg 550w, https:\/\/blogs.correiobraziliense.com.br\/capital-sa\/wp-content\/uploads\/sites\/59\/2023\/04\/7FFFF8E1-21C4-4916-A867-C0AF0C2DC0ED-230x173.jpeg 230w, https:\/\/blogs.correiobraziliense.com.br\/capital-sa\/wp-content\/uploads\/sites\/59\/2023\/04\/7FFFF8E1-21C4-4916-A867-C0AF0C2DC0ED.jpeg 636w\" sizes=\"auto, (max-width: 300px) 100vw, 300px\" \/><\/p>\n<p class=\"p2\"><span class=\"s1\">Lula disse que a Apex tamb\u00e9m est\u00e1 abrindo uma representa\u00e7\u00e3o em Lisboa e vai<span class=\"Apple-converted-space\">\u00a0fazer o mesmo, em breve, na\u00a0<\/span>Su\u00ed\u00e7a.<\/span><\/p>\n<p>&#8220;Com a inaugura\u00e7\u00e3o do escrit\u00f3rio internacional, a CNC quer ampliar as oportunidades de neg\u00f3cios e de interc\u00e2mbio comercial entre os pa\u00edses, com a Europa e com o mundo. O Brasil, por seu tamanho e import\u00e2ncia econ\u00f4mica, precisa desempenhar papel relevante em dire\u00e7\u00e3o \u00e0 Uni\u00e3o Europeia (UE), que \u00e9 um mercado fant\u00e1stico para os pa\u00edses que fazem parte do Mercosul&#8221;, destacou Jos\u00e9 Roberto Tadros.<\/p>\n<p>Representantes do Distrito Federal tamb\u00e9m participaram do encontro: o presidente da Fecom\u00e9rcio, Jos\u00e9 Aparecido Freire, e a superintendente regional do Sebrae, Rose Rainha.<\/p>\n<p class=\"p2\"><span class=\"s1\"><b>Pol\u00eamica com Embratur <\/b><\/span><\/p>\n<p class=\"p2\"><span class=\"s1\">Amanh\u00e3, diversas autoridades participar\u00e3o do evento de inaugura\u00e7\u00e3o do escrit\u00f3rio da CNC no World Trade Center em Lisboa. Entre eles, o presidente da Embratur, Marcelo Freixo, que vem provocando arestas com Sesc e Senac, pois atua para que parte do or\u00e7amento do sistema S seja remanejado para a Embratur.<\/span><\/p>\n<p>Ap\u00f3s conversa com Tadros, Lula se comprometeu a aparar as arestas, desincentivando as investidas de Freixo.<\/p>\n<p>&nbsp;<\/p>\n","protected":false},"excerpt":{"rendered":"<p>Por Samanta Sallum\u00a0 O presidente Lula se reuniu, agora h\u00e1 pouco, em Lisboa, com o presidente da Confedera\u00e7\u00e3o Nacional do Com\u00e9rcio de Bens, Servi\u00e7os e Turismo, Jos\u00e9 Roberto Tadros, e com todos os representantes das federa\u00e7\u00f5es estaduais da entidade. O encontro, que ocorreu em um dos sal\u00f5es reservados do Hotel Tivoli, n\u00e3o estava na agenda oficial. Foi organizado horas antes. [&hellip;]<\/p>\n","protected":false},"author":125,"featured_media":12629,"comment_status":"open","ping_status":"open","sticky":false,"template":"","format":"standard","meta":{"footnotes":""},"categories":[6],"tags":[275,1989,307,1165,1988,1809,26],"class_list":["post-12613","post","type-post","status-publish","format-standard","has-post-thumbnail","hentry","category-coluna-capital-s-a","tag-cnc","tag-embratur","tag-joserobertotadros","tag-lula","tag-portugal","tag-apex","tag-fecomercio"],"_links":{"self":[{"href":"https:\/\/blogs.correiobraziliense.com.br\/capital-sa\/wp-json\/wp\/v2\/posts\/12613","targetHints":{"allow":["GET"]}}],"collection":[{"href":"https:\/\/blogs.correiobraziliense.com.br\/capital-sa\/wp-json\/wp\/v2\/posts"}],"about":[{"href":"https:\/\/blogs.correiobraziliense.com.br\/capital-sa\/wp-json\/wp\/v2\/types\/post"}],"author":[{"embeddable":true,"href":"https:\/\/blogs.correiobraziliense.com.br\/capital-sa\/wp-json\/wp\/v2\/users\/125"}],"replies":[{"embeddable":true,"href":"https:\/\/blogs.correiobraziliense.com.br\/capital-sa\/wp-json\/wp\/v2\/comments?post=12613"}],"version-history":[{"count":13,"href":"https:\/\/blogs.correiobraziliense.com.br\/capital-sa\/wp-json\/wp\/v2\/posts\/12613\/revisions"}],"predecessor-version":[{"id":12633,"href":"https:\/\/blogs.correiobraziliense.com.br\/capital-sa\/wp-json\/wp\/v2\/posts\/12613\/revisions\/12633"}],"wp:featuredmedia":[{"embeddable":true,"href":"https:\/\/blogs.correiobraziliense.com.br\/capital-sa\/wp-json\/wp\/v2\/media\/12629"}],"wp:attachment":[{"href":"https:\/\/blogs.correiobraziliense.com.br\/capital-sa\/wp-json\/wp\/v2\/media?parent=12613"}],"wp:term":[{"taxonomy":"category","embeddable":true,"href":"https:\/\/blogs.correiobraziliense.com.br\/capital-sa\/wp-json\/wp\/v2\/categories?post=12613"},{"taxonomy":"post_tag","embeddable":true,"href":"https:\/\/blogs.correiobraziliense.com.br\/capital-sa\/wp-json\/wp\/v2\/tags?post=12613"}],"curies":[{"name":"wp","href":"https:\/\/api.w.org\/{rel}","templated":true}]}}