{"id":12602,"date":"2023-04-21T15:34:41","date_gmt":"2023-04-21T18:34:41","guid":{"rendered":"https:\/\/blogs.correiobraziliense.com.br\/capital-sa\/?p=12602"},"modified":"2023-04-22T00:28:49","modified_gmt":"2023-04-22T03:28:49","slug":"de-cidade-administrativa-a-polo-de-consumo-e-servicos","status":"publish","type":"post","link":"https:\/\/blogs.correiobraziliense.com.br\/capital-sa\/2023\/04\/21\/de-cidade-administrativa-a-polo-de-consumo-e-servicos\/","title":{"rendered":"De cidade administrativa a polo de consumo e servi\u00e7os"},"content":{"rendered":"<p class=\"p2\"><em><span class=\"s1\">&#8220;L2 \u00e9 pouco\/ W3 \u00e9 demais\/ Quando estou muito triste\/\u00a0<\/span>pego o grande circular \/e vou passear de m\u00e3os dadas com o banco.&#8221; Nicolas Behr<\/em><\/p>\n<p class=\"p2\"><span class=\"s1\"><b>Por Samanta Sallum<\/b><\/span><\/p>\n<p class=\"p2\"><span class=\"s1\">As proje\u00e7\u00f5es das entidades do setor econ\u00f4mico nacional s\u00e3o de que o Distrito Federal est\u00e1 pr\u00f3ximo a ultrapassar o Rio de Janeiro no segmento de servi\u00e7os. E, assim, s\u00f3 ficar\u00e1 abaixo de S\u00e3o Paulo. A capital do pa\u00eds, em 63 anos de exist\u00eancia, \u00e9 a terceira metr\u00f3pole do Brasil e transformou-se num polo de consumo. Isso atrai cada vez mais empresas e marcas para c\u00e1. Bras\u00edlia, constru\u00edda com a ajuda dos mascates que traziam de tudo na \u00e9poca das casas de t\u00e1bua e ch\u00e3o de terra vermelha, consolidou a voca\u00e7\u00e3o para o com\u00e9rcio e para a presta\u00e7\u00e3o de servi\u00e7os.<\/span><\/p>\n<p class=\"p2\"><span class=\"s1\"><b>Modernismo e org\u00e2nicos <\/b><\/span><\/p>\n<p class=\"p2\"><span class=\"s1\">A nova capital foi cravada no Centro-Oeste, regi\u00e3o de forte atividade agr\u00edcola, e trouxe na arquitetura o arrojo do movimento modernista. Uma mensagem de que o Brasil rural e o urbano podem se integrar e se complementar. O DF \u00e9 tamb\u00e9m refer\u00eancia nacional na produ\u00e7\u00e3o de org\u00e2nicos.<\/span><\/p>\n<p class=\"p2\"><span class=\"s1\"><b>Ind\u00fastria <\/b><\/span><\/p>\n<p class=\"p2\"><span class=\"s1\">Aqui, temos a ind\u00fastria limpa. O setor vem avan\u00e7ando e dando uma cara pr\u00f3pria ao que se produz. Temos produtos sendo exportados, de sand\u00e1lias a pisos. E a\u00a0<\/span>\u00e1rea de TI desponta.<\/p>\n<p class=\"p2\"><span class=\"s1\"><b>Desafios <\/b><\/span><\/p>\n<p class=\"p2\"><span class=\"s1\">Mas h\u00e1 desafios, o \u00edndice de desemprego cresce com a popula\u00e7\u00e3o. E aquela &#8220;cidade administrativa&#8221;,<span class=\"Apple-converted-space\">\u00a0<\/span>que absorvia, por meio de concursos p\u00fablicos e cargos comissionados, milhares de pessoas, \u00e9 coisa do passado. O fomento ao setor privado, \u00e0s grandes e pequenas empresas, \u00e9 o caminho para o desenvolvimento econ\u00f4mico de uma capital que precisa cada vez mais de arrecada\u00e7\u00e3o pr\u00f3pria para depender menos do setor p\u00fablico.<br \/>\n<\/span><\/p>\n<p class=\"p2\"><span class=\"s1\">Os arcos-\u00edris n\u00e3o faltam no c\u00e9u de Bras\u00edlia. Que os brasilienses encontrem cada um o seu pote de ouro neles, pois a nova capital nasceu como a terra de grandes oportunidades para todos os brasileiros.<\/span><\/p>\n<p>Representantes do setor produtivo do Distrito Federal expressaram suas homenagens aos 63 anos da nossa capital federal:<\/p>\n<p class=\"p2\"><span class=\"s1\">&#8220;Bras\u00edlia \u00e9 motivo de orgulho para qualquer brasileiro. Uma cidade linda, \u00fanica, que tem a responsabilidade de ser a sede da democracia do nosso pa\u00eds. Acredito que o futuro passa pelo fortalecimento da ind\u00fastria, para que possamos gerar mais emprego, renda, riqueza e qualidade de vida para nossa popula\u00e7\u00e3o&#8221;, <b>presidente da Fibra, Jamal Bittar <\/b><\/span><\/p>\n<p class=\"p2\"><span class=\"s1\">&#8220;O com\u00e9rcio em Bras\u00edlia nasceu antes mesmo da sua inaugura\u00e7\u00e3o, na Cidade Livre. Crescemos juntos e hoje representamos cerca de 50% do PIB do Distrito Federal. Nossa meta \u00e9 seguir trabalhando em prol da gera\u00e7\u00e3o de empregos e pelo desenvolvimento da nossa capital&#8221;,\u00a0<b>Jos\u00e9 Aparecido Freire, presidente do Sistema Fecom\u00e9rcio-DF<\/b><\/span><\/p>\n<p class=\"p2\"><span class=\"s1\">&#8220;Bras\u00edlia tamb\u00e9m \u00e9 Agro. O setor participou ativamente na<span class=\"Apple-converted-space\">\u00a0<\/span>constru\u00e7\u00e3o e consolida\u00e7\u00e3o da nova capital. Somos refer\u00eancia na produ\u00e7\u00e3o de org\u00e2nicos. Parab\u00e9ns, Bras\u00edlia!&#8221;, <strong>presidente da<\/strong> <strong>Federa\u00e7\u00e3o da<\/strong> <b>Agricultura e Pecu\u00e1ria do DF, Fernando C\u00e9zar Ribeiro <\/b><\/span><\/p>\n<p class=\"p2\"><span class=\"s1\">&#8220;N\u00f3s, da fam\u00edlia Sebrae, desejamos que Bras\u00edlia cumpra seu destino, que \u00e9 ser a capital do empreendedorismo brasileiro, trazendo progresso e justi\u00e7a social a todos os seus habitantes&#8221;, <b>Rose Rainha, superintendente do Sebrae\/DF<\/b><\/span><\/p>\n","protected":false},"excerpt":{"rendered":"<p>&#8220;L2 \u00e9 pouco\/ W3 \u00e9 demais\/ Quando estou muito triste\/\u00a0pego o grande circular \/e vou passear de m\u00e3os dadas com o banco.&#8221; Nicolas Behr Por Samanta Sallum As proje\u00e7\u00f5es das entidades do setor econ\u00f4mico nacional s\u00e3o de que o Distrito Federal est\u00e1 pr\u00f3ximo a ultrapassar o Rio de Janeiro no segmento de servi\u00e7os. E, assim, s\u00f3 ficar\u00e1 abaixo de S\u00e3o [&hellip;]<\/p>\n","protected":false},"author":125,"featured_media":12607,"comment_status":"open","ping_status":"open","sticky":false,"template":"","format":"standard","meta":{"footnotes":""},"categories":[6],"tags":[1986,561,124,1987],"class_list":["post-12602","post","type-post","status-publish","format-standard","has-post-thumbnail","hentry","category-coluna-capital-s-a","tag-63anos","tag-aniversario","tag-brasilia","tag-homenagens"],"_links":{"self":[{"href":"https:\/\/blogs.correiobraziliense.com.br\/capital-sa\/wp-json\/wp\/v2\/posts\/12602","targetHints":{"allow":["GET"]}}],"collection":[{"href":"https:\/\/blogs.correiobraziliense.com.br\/capital-sa\/wp-json\/wp\/v2\/posts"}],"about":[{"href":"https:\/\/blogs.correiobraziliense.com.br\/capital-sa\/wp-json\/wp\/v2\/types\/post"}],"author":[{"embeddable":true,"href":"https:\/\/blogs.correiobraziliense.com.br\/capital-sa\/wp-json\/wp\/v2\/users\/125"}],"replies":[{"embeddable":true,"href":"https:\/\/blogs.correiobraziliense.com.br\/capital-sa\/wp-json\/wp\/v2\/comments?post=12602"}],"version-history":[{"count":9,"href":"https:\/\/blogs.correiobraziliense.com.br\/capital-sa\/wp-json\/wp\/v2\/posts\/12602\/revisions"}],"predecessor-version":[{"id":12612,"href":"https:\/\/blogs.correiobraziliense.com.br\/capital-sa\/wp-json\/wp\/v2\/posts\/12602\/revisions\/12612"}],"wp:featuredmedia":[{"embeddable":true,"href":"https:\/\/blogs.correiobraziliense.com.br\/capital-sa\/wp-json\/wp\/v2\/media\/12607"}],"wp:attachment":[{"href":"https:\/\/blogs.correiobraziliense.com.br\/capital-sa\/wp-json\/wp\/v2\/media?parent=12602"}],"wp:term":[{"taxonomy":"category","embeddable":true,"href":"https:\/\/blogs.correiobraziliense.com.br\/capital-sa\/wp-json\/wp\/v2\/categories?post=12602"},{"taxonomy":"post_tag","embeddable":true,"href":"https:\/\/blogs.correiobraziliense.com.br\/capital-sa\/wp-json\/wp\/v2\/tags?post=12602"}],"curies":[{"name":"wp","href":"https:\/\/api.w.org\/{rel}","templated":true}]}}