{"id":12592,"date":"2023-04-20T09:59:31","date_gmt":"2023-04-20T12:59:31","guid":{"rendered":"https:\/\/blogs.correiobraziliense.com.br\/capital-sa\/?p=12592"},"modified":"2023-04-20T09:44:10","modified_gmt":"2023-04-20T12:44:10","slug":"lula-sanciona-hoje-prorrogacao-do-pronampe","status":"publish","type":"post","link":"https:\/\/blogs.correiobraziliense.com.br\/capital-sa\/2023\/04\/20\/lula-sanciona-hoje-prorrogacao-do-pronampe\/","title":{"rendered":"Lula sanciona hoje prorroga\u00e7\u00e3o do Pronampe"},"content":{"rendered":"<p class=\"p1\"><b>Por Samanta Sallum\u00a0<\/b><\/p>\n<p class=\"p1\"><span class=\"s1\">A lei aprovada pelo Congresso<span class=\"Apple-converted-space\">\u00a0<\/span>que prorroga os prazos de financiamento do Pronampe ser\u00e1 sancionada hoje pela Presid\u00eancia. A medida vai ser um grande al\u00edvio para milhares de empreendedores que estavam amea\u00e7ados de fal\u00eancia.<br \/>\n<\/span><\/p>\n<p class=\"p1\"><span class=\"s1\">O problema aumentou porque a taxa Selic disparou. Em 2020, quando o programa foi criado, a taxa de juros era de 2%. E, depois de 3 anos, chegou a 20%. Empres\u00e1rios viram as d\u00edvidas de empr\u00e9stimos aumentarem numa escala que inviabilizou o pagamento. Muitos ficaram inadimplentes e at\u00e9 alvos de notifica\u00e7\u00f5es judiciais por parte dos bancos.<\/span><\/p>\n<p class=\"p1\"><strong><span class=\"s1\">Socorro na pandemia <\/span><\/strong><\/p>\n<p class=\"p1\"><span class=\"s1\">O Programa Nacional de Apoio \u00e0s Microempresas e Empresas de Pequeno Porte (Pronampe) foi criado como uma medida de socorro aos empreendedores durante a pandemia. Com a nova lei, o prazo para quitar o financiamento passou de 48 para 72 meses. Encerraria-se em 2024, e agora a d\u00edvida poder\u00e1 se refinanciada at\u00e9 2026. <\/span><\/p>\n<p class=\"p1\"><strong><span class=\"s1\">Regulamenta\u00e7\u00e3o<\/span><\/strong><\/p>\n<p class=\"p1\"><span class=\"s1\">Cerca de 99% dos neg\u00f3cios no Brasil est\u00e3o na faixa das micro e pequenas empresas. A regulamenta\u00e7\u00e3o da lei ser\u00e1 feita pela Secretaria Nacional\u00a0<\/span>da Pequena, Micro Empresa e Empreendedorismo, ligada ao Minist\u00e9rio do Desenvolvimento, Ind\u00fastria, Com\u00e9rcio e Servi\u00e7o, comandado por Geraldo Alckmin.<\/p>\n<p class=\"p1\"><span class=\"s1\">&#8220;Essa era uma medida urgente para o setor. Temos de reativar a economia do pa\u00eds a partir das micro e pequenas empresas. Agora, vamos oxigenar esse ecossistema produtivo respons\u00e1vel por tantos empregos&#8221;, afirmou \u00e0 coluna Milton Coelho, secret\u00e1rio Nacional da Micro e Pequena Empresa e Empreendedorismo. Coelho \u00e9 ex-deputado federal pelo PSB de Pernambuco.<\/span><\/p>\n","protected":false},"excerpt":{"rendered":"<p>Por Samanta Sallum\u00a0 A lei aprovada pelo Congresso\u00a0que prorroga os prazos de financiamento do Pronampe ser\u00e1 sancionada hoje pela Presid\u00eancia. A medida vai ser um grande al\u00edvio para milhares de empreendedores que estavam amea\u00e7ados de fal\u00eancia. O problema aumentou porque a taxa Selic disparou. Em 2020, quando o programa foi criado, a taxa de juros era de 2%. E, depois [&hellip;]<\/p>\n","protected":false},"author":125,"featured_media":12596,"comment_status":"open","ping_status":"open","sticky":false,"template":"","format":"standard","meta":{"footnotes":""},"categories":[6],"tags":[1979,736,1446,1828],"class_list":["post-12592","post","type-post","status-publish","format-standard","has-post-thumbnail","hentry","category-coluna-capital-s-a","tag-empreendedores","tag-lei","tag-microepequenasempresas","tag-pronampe"],"_links":{"self":[{"href":"https:\/\/blogs.correiobraziliense.com.br\/capital-sa\/wp-json\/wp\/v2\/posts\/12592","targetHints":{"allow":["GET"]}}],"collection":[{"href":"https:\/\/blogs.correiobraziliense.com.br\/capital-sa\/wp-json\/wp\/v2\/posts"}],"about":[{"href":"https:\/\/blogs.correiobraziliense.com.br\/capital-sa\/wp-json\/wp\/v2\/types\/post"}],"author":[{"embeddable":true,"href":"https:\/\/blogs.correiobraziliense.com.br\/capital-sa\/wp-json\/wp\/v2\/users\/125"}],"replies":[{"embeddable":true,"href":"https:\/\/blogs.correiobraziliense.com.br\/capital-sa\/wp-json\/wp\/v2\/comments?post=12592"}],"version-history":[{"count":6,"href":"https:\/\/blogs.correiobraziliense.com.br\/capital-sa\/wp-json\/wp\/v2\/posts\/12592\/revisions"}],"predecessor-version":[{"id":12600,"href":"https:\/\/blogs.correiobraziliense.com.br\/capital-sa\/wp-json\/wp\/v2\/posts\/12592\/revisions\/12600"}],"wp:featuredmedia":[{"embeddable":true,"href":"https:\/\/blogs.correiobraziliense.com.br\/capital-sa\/wp-json\/wp\/v2\/media\/12596"}],"wp:attachment":[{"href":"https:\/\/blogs.correiobraziliense.com.br\/capital-sa\/wp-json\/wp\/v2\/media?parent=12592"}],"wp:term":[{"taxonomy":"category","embeddable":true,"href":"https:\/\/blogs.correiobraziliense.com.br\/capital-sa\/wp-json\/wp\/v2\/categories?post=12592"},{"taxonomy":"post_tag","embeddable":true,"href":"https:\/\/blogs.correiobraziliense.com.br\/capital-sa\/wp-json\/wp\/v2\/tags?post=12592"}],"curies":[{"name":"wp","href":"https:\/\/api.w.org\/{rel}","templated":true}]}}