{"id":12565,"date":"2023-04-18T11:44:34","date_gmt":"2023-04-18T14:44:34","guid":{"rendered":"https:\/\/blogs.correiobraziliense.com.br\/capital-sa\/?p=12565"},"modified":"2023-04-18T14:57:03","modified_gmt":"2023-04-18T17:57:03","slug":"confederacoes-em-manifesto-conjunto-pedem-ajustes-na-reforma-tributaria","status":"publish","type":"post","link":"https:\/\/blogs.correiobraziliense.com.br\/capital-sa\/2023\/04\/18\/confederacoes-em-manifesto-conjunto-pedem-ajustes-na-reforma-tributaria\/","title":{"rendered":"Confedera\u00e7\u00f5es, em manifesto conjunto, pedem ajustes na reforma tribut\u00e1ria"},"content":{"rendered":"<p class=\"p1\"><em>CNC, CNA, CNT, CNSa\u00fade e CNCOOP endossam o documento \u201cO Brasil n\u00e3o pode errar\u201d. Criticam al\u00edquota \u00fanica para bens e servi\u00e7os\u00a0<\/em><\/p>\n<p class=\"p1\"><strong><span class=\"s1\">Por Samanta Sallum <\/span><\/strong><\/p>\n<p class=\"p1\"><span class=\"s1\">&#8220;Compete-nos alertar que as propostas em discuss\u00e3o no Congresso Nacional (PEC 45\/2019 e PEC 110\/2019) necessitam de ajustes para evitar impactos perversos e riscos \u00e0 sociedade brasileira&#8221;, aponta o documento. Assinam o manifesto setores que juntos empregam 41,7 milh\u00f5es de trabalhadores e representam quase 60% da economia nacional.<\/span><\/p>\n<p>As entidades criticam a al\u00edquota \u00fanica para bens e servi\u00e7os. &#8220;Se prevalecer essa ideia, haver\u00e1 um pesado aumento de impostos sobre setores estrat\u00e9gicos no Brasil&#8221;, refor\u00e7am.<\/p>\n<p>As grandes confedera\u00e7\u00f5es patronais do Brasil lan\u00e7aram, nesta ter\u00e7a-feira, o manifesto &#8220;O Brasil n\u00e3o pode errar na reforma tribut\u00e1ria&#8221;.<\/p>\n<blockquote><p>&#8220;N\u00e3o faz sentido reduzir a carga sobre bens nacionais e importados para aumentar sobre os alimentos e servi\u00e7os, que geram tanta riqueza e empregos em todo o pa\u00eds&#8221;, afirmam as entidades.<\/p><\/blockquote>\n<p class=\"p1\"><span class=\"s1\">Assinam o documento a Confedera\u00e7\u00e3o Nacional do Com\u00e9rcio de Bens, Servi\u00e7os e Turismo (CNC), a Confedera\u00e7\u00e3o da Agricultura e Pecu\u00e1ria do Brasil (CNA), a Confedera\u00e7\u00e3o Nacional do Transporte (CNT), a Confedera\u00e7\u00e3o Nacional de Sa\u00fade (CNSa\u00fade) e a Confedera\u00e7\u00e3o Nacional das Cooperativas (CNCOOP).<\/span><\/p>\n<p><b>Aumento da cesta b\u00e1sica\u00a0<\/b><\/p>\n<p class=\"p1\"><span class=\"s1\">Segundo o documento, do jeito que est\u00e1 proposta a reforma, ela acarretar\u00e1 eleva\u00e7\u00e3o geral nos pre\u00e7os dos alimentos (mais 22% sobre a cesta b\u00e1sica), dos transportes, da habita\u00e7\u00e3o, da mensalidade escolar, da sa\u00fade (mais 38% sobre medicamentos e 22% sobre planos de sa\u00fade), do advogado, do turismo, da gin\u00e1stica, do lazer, da seguran\u00e7a e de diversos outros servi\u00e7os.<\/span><\/p>\n<p class=\"p1\"><span class=\"s1\">&#8220;Considerando que a popula\u00e7\u00e3o nacional est\u00e1 concentrada nas classes C, D e E, se a carga tribut\u00e1ria de impostos sobre o consumo subir para 25% ou mais, os brasileiros teriam menos acesso aos servi\u00e7os e alimentos. Haveria um forte aumento da informalidade. A reforma tribut\u00e1ria destruiria parte importante do setor produtivo existente. O emprego sofreria fortes reflexos negativos. Setores de servi\u00e7os s\u00e3o os mais intensivos em m\u00e3o de obra e est\u00e3o espalhados por cada cidade do Brasil, al\u00e9m de ter maior participa\u00e7\u00e3o feminina e empregar mais a popula\u00e7\u00e3o de baixa renda&#8221;, alertam as confedera\u00e7\u00f5es.<\/span><\/p>\n<p class=\"p1\">\n","protected":false},"excerpt":{"rendered":"<p>CNC, CNA, CNT, CNSa\u00fade e CNCOOP endossam o documento \u201cO Brasil n\u00e3o pode errar\u201d. Criticam al\u00edquota \u00fanica para bens e servi\u00e7os\u00a0 Por Samanta Sallum &#8220;Compete-nos alertar que as propostas em discuss\u00e3o no Congresso Nacional (PEC 45\/2019 e PEC 110\/2019) necessitam de ajustes para evitar impactos perversos e riscos \u00e0 sociedade brasileira&#8221;, aponta o documento. Assinam o manifesto setores que juntos [&hellip;]<\/p>\n","protected":false},"author":125,"featured_media":12571,"comment_status":"open","ping_status":"open","sticky":false,"template":"","format":"standard","meta":{"footnotes":""},"categories":[6],"tags":[702,1981,1980,1528,629],"class_list":["post-12565","post","type-post","status-publish","format-standard","has-post-thumbnail","hentry","category-coluna-capital-s-a","tag-aumento","tag-cestabasica","tag-confederacoes","tag-manifesto","tag-reformatributaria"],"_links":{"self":[{"href":"https:\/\/blogs.correiobraziliense.com.br\/capital-sa\/wp-json\/wp\/v2\/posts\/12565","targetHints":{"allow":["GET"]}}],"collection":[{"href":"https:\/\/blogs.correiobraziliense.com.br\/capital-sa\/wp-json\/wp\/v2\/posts"}],"about":[{"href":"https:\/\/blogs.correiobraziliense.com.br\/capital-sa\/wp-json\/wp\/v2\/types\/post"}],"author":[{"embeddable":true,"href":"https:\/\/blogs.correiobraziliense.com.br\/capital-sa\/wp-json\/wp\/v2\/users\/125"}],"replies":[{"embeddable":true,"href":"https:\/\/blogs.correiobraziliense.com.br\/capital-sa\/wp-json\/wp\/v2\/comments?post=12565"}],"version-history":[{"count":11,"href":"https:\/\/blogs.correiobraziliense.com.br\/capital-sa\/wp-json\/wp\/v2\/posts\/12565\/revisions"}],"predecessor-version":[{"id":12588,"href":"https:\/\/blogs.correiobraziliense.com.br\/capital-sa\/wp-json\/wp\/v2\/posts\/12565\/revisions\/12588"}],"wp:featuredmedia":[{"embeddable":true,"href":"https:\/\/blogs.correiobraziliense.com.br\/capital-sa\/wp-json\/wp\/v2\/media\/12571"}],"wp:attachment":[{"href":"https:\/\/blogs.correiobraziliense.com.br\/capital-sa\/wp-json\/wp\/v2\/media?parent=12565"}],"wp:term":[{"taxonomy":"category","embeddable":true,"href":"https:\/\/blogs.correiobraziliense.com.br\/capital-sa\/wp-json\/wp\/v2\/categories?post=12565"},{"taxonomy":"post_tag","embeddable":true,"href":"https:\/\/blogs.correiobraziliense.com.br\/capital-sa\/wp-json\/wp\/v2\/tags?post=12565"}],"curies":[{"name":"wp","href":"https:\/\/api.w.org\/{rel}","templated":true}]}}