{"id":12535,"date":"2023-04-17T08:26:10","date_gmt":"2023-04-17T11:26:10","guid":{"rendered":"https:\/\/blogs.correiobraziliense.com.br\/capital-sa\/?p=12535"},"modified":"2023-04-18T14:04:15","modified_gmt":"2023-04-18T17:04:15","slug":"ibaneis-entrega-escrituras-de-concessao-de-lotes-para-empresas","status":"publish","type":"post","link":"https:\/\/blogs.correiobraziliense.com.br\/capital-sa\/2023\/04\/17\/ibaneis-entrega-escrituras-de-concessao-de-lotes-para-empresas\/","title":{"rendered":"Ibaneis entrega escrituras de concess\u00e3o de lotes para empresas"},"content":{"rendered":"<p class=\"p1\"><b>Por Samanta Sallum\u00a0<\/b><\/p>\n<p class=\"p1\"><span class=\"s1\">O setor produtivo do DF se re\u00fane na manh\u00e3 de hoje, em solenidade no Pal\u00e1cio do Buriti, com o governador Ibaneis Rocha. Ele vai entregar escrituras e homologar contratos no \u00e2mbito dos programas de desenvolvimento econ\u00f4mico. <\/span><\/p>\n<p class=\"p1\"><span class=\"s1\">O GDF e a Terracap v\u00e3o oficializar cerca de 50 concess\u00f5es de uso de terrenos no \u00e2mbito do Pr\u00f3-DF e do Desenvolve-DF. Os documentos se referem a lotes em 13 regi\u00f5es administrativas para empresas que est\u00e3o funcionando e gerando empregos, e tamb\u00e9m para cujas sedes ou filiais ser\u00e3o ainda constru\u00eddas.<\/span><\/p>\n<p class=\"p1\"><strong><span class=\"s1\">Contrapartida <\/span><\/strong><\/p>\n<p class=\"p1\"><span class=\"s1\">Em 2019, foi criado o sistema de concess\u00e3o de uso do Desenvolve-DF, pelo qual a empresa ocupa um im\u00f3vel da Terracap, pagando um pre\u00e7o p\u00fablico (ap\u00f3s um prazo de car\u00eancia de 2 anos), assumindo o compromisso de cumprir meta de gera\u00e7\u00e3o de empregos no local.<\/span><\/p>\n<p class=\"p1\"><strong><span class=\"s1\">R$ 4 milh\u00f5es <\/span><\/strong><\/p>\n<p class=\"p1\"><span class=\"s1\">\u00c9 o valor repactuado em d\u00edvidas antigas das empresas integrantes dos programas<\/span><\/p>\n<p class=\"p1\"><strong><span class=\"s1\">Licita\u00e7\u00e3o <\/span><\/strong><\/p>\n<p class=\"p1\"><span class=\"s1\">Em mar\u00e7o, a Terracap realizou o maior edital de licita\u00e7\u00e3o p\u00fablica do Desenvolve-DF, ofertando 100 terrenos para a concorr\u00eancia da concess\u00e3o de uso. Desde 2019, foram celebradas 390 novos contratos, escrituras e termos aditivos referentes aos programas <\/span><\/p>\n<p class=\"p1\"><strong><span class=\"s1\">Seguran\u00e7a jur\u00eddica<\/span><\/strong><\/p>\n<p class=\"p1\"><span class=\"s1\">&#8220;Esta entrega refor\u00e7a o compromisso do governo Ibaneis com a seguran\u00e7a jur\u00eddica, e com o empenho na condu\u00e7\u00e3o da Terracap no incentivo ao desenvolvimento do DF e \u00e0 gera\u00e7\u00e3o de empregos&#8221;, destacou Leonardo Mundim, Diretor de Regulariza\u00e7\u00e3o Social e Desenvolvimento Econ\u00f4mico da Terracap. <\/span><\/p>\n","protected":false},"excerpt":{"rendered":"<p>Por Samanta Sallum\u00a0 O setor produtivo do DF se re\u00fane na manh\u00e3 de hoje, em solenidade no Pal\u00e1cio do Buriti, com o governador Ibaneis Rocha. Ele vai entregar escrituras e homologar contratos no \u00e2mbito dos programas de desenvolvimento econ\u00f4mico. O GDF e a Terracap v\u00e3o oficializar cerca de 50 concess\u00f5es de uso de terrenos no \u00e2mbito do Pr\u00f3-DF e do [&hellip;]<\/p>\n","protected":false},"author":125,"featured_media":0,"comment_status":"open","ping_status":"open","sticky":false,"template":"","format":"standard","meta":{"footnotes":""},"categories":[6],"tags":[1975,1976,1974,642],"class_list":["post-12535","post","type-post","status-publish","format-standard","hentry","category-coluna-capital-s-a","tag-contratos","tag-desenvolvimentoeconomico","tag-escrituras","tag-ibaneisrocha"],"_links":{"self":[{"href":"https:\/\/blogs.correiobraziliense.com.br\/capital-sa\/wp-json\/wp\/v2\/posts\/12535","targetHints":{"allow":["GET"]}}],"collection":[{"href":"https:\/\/blogs.correiobraziliense.com.br\/capital-sa\/wp-json\/wp\/v2\/posts"}],"about":[{"href":"https:\/\/blogs.correiobraziliense.com.br\/capital-sa\/wp-json\/wp\/v2\/types\/post"}],"author":[{"embeddable":true,"href":"https:\/\/blogs.correiobraziliense.com.br\/capital-sa\/wp-json\/wp\/v2\/users\/125"}],"replies":[{"embeddable":true,"href":"https:\/\/blogs.correiobraziliense.com.br\/capital-sa\/wp-json\/wp\/v2\/comments?post=12535"}],"version-history":[{"count":5,"href":"https:\/\/blogs.correiobraziliense.com.br\/capital-sa\/wp-json\/wp\/v2\/posts\/12535\/revisions"}],"predecessor-version":[{"id":12584,"href":"https:\/\/blogs.correiobraziliense.com.br\/capital-sa\/wp-json\/wp\/v2\/posts\/12535\/revisions\/12584"}],"wp:attachment":[{"href":"https:\/\/blogs.correiobraziliense.com.br\/capital-sa\/wp-json\/wp\/v2\/media?parent=12535"}],"wp:term":[{"taxonomy":"category","embeddable":true,"href":"https:\/\/blogs.correiobraziliense.com.br\/capital-sa\/wp-json\/wp\/v2\/categories?post=12535"},{"taxonomy":"post_tag","embeddable":true,"href":"https:\/\/blogs.correiobraziliense.com.br\/capital-sa\/wp-json\/wp\/v2\/tags?post=12535"}],"curies":[{"name":"wp","href":"https:\/\/api.w.org\/{rel}","templated":true}]}}