{"id":12530,"date":"2023-04-14T14:33:19","date_gmt":"2023-04-14T17:33:19","guid":{"rendered":"https:\/\/blogs.correiobraziliense.com.br\/capital-sa\/?p=12530"},"modified":"2023-04-18T12:41:43","modified_gmt":"2023-04-18T15:41:43","slug":"alckmin-e-unecs-se-reunem-para-tratar-de-reforma-tributaria","status":"publish","type":"post","link":"https:\/\/blogs.correiobraziliense.com.br\/capital-sa\/2023\/04\/14\/alckmin-e-unecs-se-reunem-para-tratar-de-reforma-tributaria\/","title":{"rendered":"Alckmin e Unecs se re\u00fanem para tratar de Reforma Tribut\u00e1ria"},"content":{"rendered":"<p><b>Por Samanta Sallum\u00a0<\/b><\/p>\n<p class=\"p1\">O presidente da Abras e do Instituto Unecs, Jo\u00e3o Galassi; e o presidente da CNDL, Jos\u00e9 C\u00e9sar da Costa, participaram ontem de reuni\u00e3o com o presidente em exerc\u00edcio e Ministro da Ind\u00fastria, Com\u00e9rcio e Servi\u00e7os, Geraldo Alckmin. Dentre os temas debatidos, a Reforma Tribut\u00e1ria. O setor do com\u00e9rcio e servi\u00e7os defende a a simplifica\u00e7\u00e3o e al\u00edquotas m\u00faltiplas &#8220;coerentes com as diversas realidades e, sobretudo, com redu\u00e7\u00e3o no caso de alimentos essenciais \u00e0 popula\u00e7\u00e3o&#8221;.<\/p>\n<p class=\"p1\"><span class=\"s1\">A agenda contou tamb\u00e9m com a presen\u00e7a do presidente da Frente Parlamentar de Com\u00e9rcio e Servi\u00e7os (FCS) no Senad, o senador Efraim Filho (UNI\u00c3O-PB), do deputado Domingos S\u00e1vio (PL-MG), do deputado Z\u00e9 Neto (PT-BA), do deputado Luiz Gast\u00e3o (PSD-CE) e do senador Izalci Lucas (PSDB-DF).<\/span><\/p>\n<p class=\"p1\"><span class=\"s1\"><b>Alimentos essenciais <\/b><\/span><\/p>\n<p class=\"p1\"><span class=\"s1\">Alckmin, que quando governador de S\u00e3o Paulo reduziu impostos e zerou o imposto de itens da cesta b\u00e1sica, como do arroz e do feij\u00e3o, se disse favor\u00e1vel \u00e0 proposta de imposto \u00fanico com m\u00faltiplas al\u00edquotas, com olhar especial para os alimentos essenciais. <\/span><\/p>\n<p class=\"p1\"><span class=\"s1\">Ainda durante o encontro, Jos\u00e9 C\u00e9sar da Costa convidou Geraldo Alckmin para participar do VI F\u00f3rum Nacional do Com\u00e9rcio, que acontece em 24 e 25 de outubro, em Bras\u00edlia.<\/span><\/p>\n","protected":false},"excerpt":{"rendered":"<p>Por Samanta Sallum\u00a0 O presidente da Abras e do Instituto Unecs, Jo\u00e3o Galassi; e o presidente da CNDL, Jos\u00e9 C\u00e9sar da Costa, participaram ontem de reuni\u00e3o com o presidente em exerc\u00edcio e Ministro da Ind\u00fastria, Com\u00e9rcio e Servi\u00e7os, Geraldo Alckmin. Dentre os temas debatidos, a Reforma Tribut\u00e1ria. O setor do com\u00e9rcio e servi\u00e7os defende a a simplifica\u00e7\u00e3o e al\u00edquotas m\u00faltiplas [&hellip;]<\/p>\n","protected":false},"author":125,"featured_media":12533,"comment_status":"open","ping_status":"open","sticky":false,"template":"","format":"standard","meta":{"footnotes":""},"categories":[6],"tags":[1827,239,647,368,629,1277],"class_list":["post-12530","post","type-post","status-publish","format-standard","has-post-thumbnail","hentry","category-coluna-capital-s-a","tag-abras","tag-alimentos","tag-cdl","tag-imposto","tag-reformatributaria","tag-unecs"],"_links":{"self":[{"href":"https:\/\/blogs.correiobraziliense.com.br\/capital-sa\/wp-json\/wp\/v2\/posts\/12530","targetHints":{"allow":["GET"]}}],"collection":[{"href":"https:\/\/blogs.correiobraziliense.com.br\/capital-sa\/wp-json\/wp\/v2\/posts"}],"about":[{"href":"https:\/\/blogs.correiobraziliense.com.br\/capital-sa\/wp-json\/wp\/v2\/types\/post"}],"author":[{"embeddable":true,"href":"https:\/\/blogs.correiobraziliense.com.br\/capital-sa\/wp-json\/wp\/v2\/users\/125"}],"replies":[{"embeddable":true,"href":"https:\/\/blogs.correiobraziliense.com.br\/capital-sa\/wp-json\/wp\/v2\/comments?post=12530"}],"version-history":[{"count":5,"href":"https:\/\/blogs.correiobraziliense.com.br\/capital-sa\/wp-json\/wp\/v2\/posts\/12530\/revisions"}],"predecessor-version":[{"id":12582,"href":"https:\/\/blogs.correiobraziliense.com.br\/capital-sa\/wp-json\/wp\/v2\/posts\/12530\/revisions\/12582"}],"wp:featuredmedia":[{"embeddable":true,"href":"https:\/\/blogs.correiobraziliense.com.br\/capital-sa\/wp-json\/wp\/v2\/media\/12533"}],"wp:attachment":[{"href":"https:\/\/blogs.correiobraziliense.com.br\/capital-sa\/wp-json\/wp\/v2\/media?parent=12530"}],"wp:term":[{"taxonomy":"category","embeddable":true,"href":"https:\/\/blogs.correiobraziliense.com.br\/capital-sa\/wp-json\/wp\/v2\/categories?post=12530"},{"taxonomy":"post_tag","embeddable":true,"href":"https:\/\/blogs.correiobraziliense.com.br\/capital-sa\/wp-json\/wp\/v2\/tags?post=12530"}],"curies":[{"name":"wp","href":"https:\/\/api.w.org\/{rel}","templated":true}]}}