{"id":12493,"date":"2023-04-12T09:48:49","date_gmt":"2023-04-12T12:48:49","guid":{"rendered":"https:\/\/blogs.correiobraziliense.com.br\/capital-sa\/?p=12493"},"modified":"2023-04-12T19:13:55","modified_gmt":"2023-04-12T22:13:55","slug":"nova-lei-de-licitacoes-na-pauta-das-empresas","status":"publish","type":"post","link":"https:\/\/blogs.correiobraziliense.com.br\/capital-sa\/2023\/04\/12\/nova-lei-de-licitacoes-na-pauta-das-empresas\/","title":{"rendered":"Nova lei de licita\u00e7\u00f5es na pauta das empresas"},"content":{"rendered":"<p><b>Por Samanta Sallum\u00a0<\/b><\/p>\n<p class=\"p1\"><span class=\"s1\">A nova lei nacional de licita\u00e7\u00f5es, a 14.133, sancionada h\u00e1 2 anos, veio para substituir a famosa 8.666, que completa 30 anos.\u00a0<\/span><span class=\"s1\">Deveria ser a \u00fanica refer\u00eancia para o tema desde 1o de abril, mas o presidente Lula prorrogou a validade da anterior at\u00e9 dezembro. Ent\u00e3o, at\u00e9 l\u00e1, as duas leis est\u00e3o coexistindo,\u00a0<\/span><span class=\"s1\">cabendo ao gestor p\u00fablico optar por qual adotar.<\/span><\/p>\n<p class=\"p1\"><span class=\"s1\">Uma das diferen\u00e7as entre a lei mais recente e a anterior \u00e9 a previs\u00e3o de tempo de contrato<span class=\"Apple-converted-space\">\u00a0 <\/span>entre as empresas e o Poder P\u00fablico. Foi ampliado de 5 para 10 anos o prazo permitido para a presta\u00e7\u00e3o de servi\u00e7o.<\/span><\/p>\n<p class=\"p1\"><span class=\"s1\"> \u201cNa minha avalia\u00e7\u00e3o, isso \u00e9 positivo para as empresas e para o Estado. As empresas, com essa margem maior de tempo, ganham mais seguran\u00e7a financeira e poder\u00e3o at\u00e9 oferecer pre\u00e7os mais baixos. E o Poder P\u00fablico poder\u00e1 ter mais estabilidade nas presta\u00e7\u00f5es de servi\u00e7o, com menos interrup\u00e7\u00f5es e licita\u00e7\u00f5es emergenciais\u201d, aponta o advogado Juliano Costa Couto, ex-presidente da OAB\/DF.<\/span><\/p>\n<p>&nbsp;<\/p>\n<p><strong>Palestra para FENAVIST\u00a0<\/strong><\/p>\n<p>O escrit\u00f3rio Costa Couto Advogados e a Federa\u00e7\u00e3o Nacional de Vigil\u00e2ncia e Transporte de Valores (FENAVIST) promovem amanh\u00e3 palestra sobre a nova lei de licita\u00e7\u00f5es, na sede da entidade.<\/p>\n<p>Apesar de sua utiliza\u00e7\u00e3o s\u00f3 ser obrigat\u00f3ria a partir do ano que vem, as empresas devem se adequar \u00e0s novas modalidades, prazos e regras.<\/p>\n<p>\u201cEstarem familiarizadas com os novos conceitos ser\u00e1 um diferencial para as empresas\u201d, afirma Costa Couto, que tamb\u00e9m far\u00e1 palestras espec\u00edficas para o setor de Tecnologia da Informa\u00e7\u00e3o.<\/p>\n","protected":false},"excerpt":{"rendered":"<p>Por Samanta Sallum\u00a0 A nova lei nacional de licita\u00e7\u00f5es, a 14.133, sancionada h\u00e1 2 anos, veio para substituir a famosa 8.666, que completa 30 anos.\u00a0Deveria ser a \u00fanica refer\u00eancia para o tema desde 1o de abril, mas o presidente Lula prorrogou a validade da anterior at\u00e9 dezembro. Ent\u00e3o, at\u00e9 l\u00e1, as duas leis est\u00e3o coexistindo,\u00a0cabendo ao gestor p\u00fablico optar por [&hellip;]<\/p>\n","protected":false},"author":125,"featured_media":12500,"comment_status":"open","ping_status":"open","sticky":false,"template":"","format":"standard","meta":{"footnotes":""},"categories":[6],"tags":[736,1964,1965],"class_list":["post-12493","post","type-post","status-publish","format-standard","has-post-thumbnail","hentry","category-coluna-capital-s-a","tag-lei","tag-leidelicitacoes","tag-nova"],"_links":{"self":[{"href":"https:\/\/blogs.correiobraziliense.com.br\/capital-sa\/wp-json\/wp\/v2\/posts\/12493","targetHints":{"allow":["GET"]}}],"collection":[{"href":"https:\/\/blogs.correiobraziliense.com.br\/capital-sa\/wp-json\/wp\/v2\/posts"}],"about":[{"href":"https:\/\/blogs.correiobraziliense.com.br\/capital-sa\/wp-json\/wp\/v2\/types\/post"}],"author":[{"embeddable":true,"href":"https:\/\/blogs.correiobraziliense.com.br\/capital-sa\/wp-json\/wp\/v2\/users\/125"}],"replies":[{"embeddable":true,"href":"https:\/\/blogs.correiobraziliense.com.br\/capital-sa\/wp-json\/wp\/v2\/comments?post=12493"}],"version-history":[{"count":9,"href":"https:\/\/blogs.correiobraziliense.com.br\/capital-sa\/wp-json\/wp\/v2\/posts\/12493\/revisions"}],"predecessor-version":[{"id":12510,"href":"https:\/\/blogs.correiobraziliense.com.br\/capital-sa\/wp-json\/wp\/v2\/posts\/12493\/revisions\/12510"}],"wp:featuredmedia":[{"embeddable":true,"href":"https:\/\/blogs.correiobraziliense.com.br\/capital-sa\/wp-json\/wp\/v2\/media\/12500"}],"wp:attachment":[{"href":"https:\/\/blogs.correiobraziliense.com.br\/capital-sa\/wp-json\/wp\/v2\/media?parent=12493"}],"wp:term":[{"taxonomy":"category","embeddable":true,"href":"https:\/\/blogs.correiobraziliense.com.br\/capital-sa\/wp-json\/wp\/v2\/categories?post=12493"},{"taxonomy":"post_tag","embeddable":true,"href":"https:\/\/blogs.correiobraziliense.com.br\/capital-sa\/wp-json\/wp\/v2\/tags?post=12493"}],"curies":[{"name":"wp","href":"https:\/\/api.w.org\/{rel}","templated":true}]}}