{"id":12485,"date":"2023-04-12T09:51:12","date_gmt":"2023-04-12T12:51:12","guid":{"rendered":"https:\/\/blogs.correiobraziliense.com.br\/capital-sa\/?p=12485"},"modified":"2023-04-12T19:17:08","modified_gmt":"2023-04-12T22:17:08","slug":"conselho-de-meio-ambiente-do-df-aprova-criacao-do-bairro-joquei-clube","status":"publish","type":"post","link":"https:\/\/blogs.correiobraziliense.com.br\/capital-sa\/2023\/04\/12\/conselho-de-meio-ambiente-do-df-aprova-criacao-do-bairro-joquei-clube\/","title":{"rendered":"Conselho de Meio Ambiente do DF aprova cria\u00e7\u00e3o do bairro J\u00f3quei Clube"},"content":{"rendered":"<p class=\"p1\" style=\"padding-left: 30px\"><span class=\"s1\"><b>Por Samanta Sallum <\/b><\/span><\/p>\n<p class=\"p1\"><span class=\"s1\">O CONAM, \u00f3rg\u00e3o ligado \u00e0<span class=\"Apple-converted-space\">\u00a0<\/span>Secretaria de Meio Ambiente do DF, aprovou ontem o projeto de parcelamento que cria o Setor Habitacional J\u00f3quei Clube, durante reuni\u00e3o plen\u00e1ria no audit\u00f3rio da Fibra. Foram 20 votos a favor e duas absten\u00e7\u00f5es. Agora, segue para aprecia\u00e7\u00e3o do Conselho de Planejamento Territorial e Urbano do\u00a0Distrito Federal\u00a0(Conplan), fase final de aprova\u00e7\u00e3o pelo poder p\u00fablico.<br \/>\n<\/span><\/p>\n<p class=\"p1\"><span class=\"s1\">A previs\u00e3o \u00e9 que o \u00f3rg\u00e3o delibere sobre o novo bairro at\u00e9 junho. Se for aceito, tornar\u00e1 poss\u00edvel a licita\u00e7\u00e3o p\u00fablica para a venda dos lotes que v\u00e3o compor o setor.<\/span><\/p>\n<p class=\"p1\"><span class=\"s1\">A proposta em exame pelo poder p\u00fablico cria um bairro que ocupar\u00e1 272 hectares na regi\u00e3o que fica em frente a Vicente Pires, entre a Estrada Parque Taguatinga e Guar\u00e1 (EPTG) e a Estrutural. Poder\u00e1 receber 55 mil habitantes, distribu\u00eddos em, aproximadamente, 16 mil unidades habitacionais.<\/span><\/p>\n<p class=\"p1\"><span class=\"s1\">R$ 1,6 milh\u00e3o<\/span><\/p>\n<p class=\"p1\"><span class=\"s1\">\u00c9 o \u00a0valor investido pela Ademi no projeto urban\u00edstico doado ao GDF <\/span><\/p>\n<p class=\"p1\"><span class=\"s1\"><b>Im\u00f3veis residenciais e comerciais <\/b><\/span><\/p>\n<p class=\"p1\"><span class=\"s1\">Ao governo local, caber\u00e1 realizar a licita\u00e7\u00e3o p\u00fablica e prover a infraestrutura e o licenciamento ambiental. Ser\u00e3o oferecidos im\u00f3veis residenciais econ\u00f4micos, de m\u00e9dio e alto padr\u00e3o,\u00a0<\/span><span class=\"s1\">para atender os diversos perfis da popula\u00e7\u00e3o, assim como unidades comerciais, para contemplar diversos segmentos econ\u00f4micos.<\/span><\/p>\n<p class=\"p1\"><span class=\"s1\">\u201cFoi dado mais um passo<span class=\"Apple-converted-space\">\u00a0<\/span>importante para tornar poss\u00edvel a cria\u00e7\u00e3o do novo bairro, iniciativa que ter\u00e1 impacto positivo sobre a economia do Distrito Federal, oferecendo mais op\u00e7\u00f5es de moradia regular para a nossa popula\u00e7\u00e3o\u201d, comentou o presidente da Associa\u00e7\u00e3o de Empresas do Mercado Imobili\u00e1rio do Distrito Federal (ADEMI-DF), Eduardo Aroeira.<\/span><\/p>\n","protected":false},"excerpt":{"rendered":"<p>Por Samanta Sallum O CONAM, \u00f3rg\u00e3o ligado \u00e0\u00a0Secretaria de Meio Ambiente do DF, aprovou ontem o projeto de parcelamento que cria o Setor Habitacional J\u00f3quei Clube, durante reuni\u00e3o plen\u00e1ria no audit\u00f3rio da Fibra. Foram 20 votos a favor e duas absten\u00e7\u00f5es. Agora, segue para aprecia\u00e7\u00e3o do Conselho de Planejamento Territorial e Urbano do\u00a0Distrito Federal\u00a0(Conplan), fase final de aprova\u00e7\u00e3o pelo poder [&hellip;]<\/p>\n","protected":false},"author":125,"featured_media":12488,"comment_status":"open","ping_status":"open","sticky":false,"template":"","format":"standard","meta":{"footnotes":""},"categories":[6],"tags":[737,1969,1967,1968],"class_list":["post-12485","post","type-post","status-publish","format-standard","has-post-thumbnail","hentry","category-coluna-capital-s-a","tag-aprovacao","tag-conam","tag-joqueiclube","tag-novobairro"],"_links":{"self":[{"href":"https:\/\/blogs.correiobraziliense.com.br\/capital-sa\/wp-json\/wp\/v2\/posts\/12485","targetHints":{"allow":["GET"]}}],"collection":[{"href":"https:\/\/blogs.correiobraziliense.com.br\/capital-sa\/wp-json\/wp\/v2\/posts"}],"about":[{"href":"https:\/\/blogs.correiobraziliense.com.br\/capital-sa\/wp-json\/wp\/v2\/types\/post"}],"author":[{"embeddable":true,"href":"https:\/\/blogs.correiobraziliense.com.br\/capital-sa\/wp-json\/wp\/v2\/users\/125"}],"replies":[{"embeddable":true,"href":"https:\/\/blogs.correiobraziliense.com.br\/capital-sa\/wp-json\/wp\/v2\/comments?post=12485"}],"version-history":[{"count":5,"href":"https:\/\/blogs.correiobraziliense.com.br\/capital-sa\/wp-json\/wp\/v2\/posts\/12485\/revisions"}],"predecessor-version":[{"id":12513,"href":"https:\/\/blogs.correiobraziliense.com.br\/capital-sa\/wp-json\/wp\/v2\/posts\/12485\/revisions\/12513"}],"wp:featuredmedia":[{"embeddable":true,"href":"https:\/\/blogs.correiobraziliense.com.br\/capital-sa\/wp-json\/wp\/v2\/media\/12488"}],"wp:attachment":[{"href":"https:\/\/blogs.correiobraziliense.com.br\/capital-sa\/wp-json\/wp\/v2\/media?parent=12485"}],"wp:term":[{"taxonomy":"category","embeddable":true,"href":"https:\/\/blogs.correiobraziliense.com.br\/capital-sa\/wp-json\/wp\/v2\/categories?post=12485"},{"taxonomy":"post_tag","embeddable":true,"href":"https:\/\/blogs.correiobraziliense.com.br\/capital-sa\/wp-json\/wp\/v2\/tags?post=12485"}],"curies":[{"name":"wp","href":"https:\/\/api.w.org\/{rel}","templated":true}]}}