{"id":12477,"date":"2023-04-11T19:27:16","date_gmt":"2023-04-11T22:27:16","guid":{"rendered":"https:\/\/blogs.correiobraziliense.com.br\/capital-sa\/?p=12477"},"modified":"2023-04-12T16:05:25","modified_gmt":"2023-04-12T19:05:25","slug":"aprovada-ampliacao-de-atividades-no-setor-comercial-sul","status":"publish","type":"post","link":"https:\/\/blogs.correiobraziliense.com.br\/capital-sa\/2023\/04\/11\/aprovada-ampliacao-de-atividades-no-setor-comercial-sul\/","title":{"rendered":"Aprovada amplia\u00e7\u00e3o de atividades no Setor Comercial Sul"},"content":{"rendered":"<p class=\"p1\"><b>Por Samanta Sallum\u00a0<\/b><\/p>\n<p class=\"p1\"><span class=\"s1\">Foi aprovado hoje na C\u00e2mara Legislativa, por unanimidade, com 19 votos favor\u00e1veis, o PLC 141\/2022, que trata sobre extens\u00e3o de uso do Setor Comercial Sul.<\/span><\/p>\n<p class=\"p1\"><span class=\"s1\">A medida permitir\u00e1 de forma mais \u00e1gil realizar obras e atrair novas empresas para a regi\u00e3o. A proposta contempla a extens\u00e3o de usos comerciais e de presta\u00e7\u00e3o de servi\u00e7os, que j\u00e1 constava da minuta do PPCUB avaliada pelo Iphan-DF, em dezembro de 2021. <\/span><\/p>\n<p class=\"p1\"><span class=\"s1\">Uma das novas atividades a serem permitidas ser\u00e1 de faculdades e empresas de TI. O texto n\u00e3o tratou sobre<span class=\"Apple-converted-space\">\u00a0<\/span>a possibilidade de uso residencial.\u00a0<\/span>Nessa parte, o Iphan apontou ressalvas, e, por enquanto, est\u00e1 suspensa.<\/p>\n<p class=\"p1\"><span class=\"s1\">A lei proposta contou com o apoio de parlamentares como o deputado Chico Vigilante(PT).<\/span><\/p>\n<p class=\"p1\"><span class=\"s1\">O conselheiro da Fecom\u00e9rcio no Conplan, Ovidio Maia, conta que a demanda partiu da prefeitura do SCS e da entidade com objetivo de ajudar na revitaliza\u00e7\u00e3o da \u00e1rea.<\/span><\/p>\n<p class=\"p1\"><span class=\"s1\">\u201cO setor est\u00e1 agonizando h\u00e1 anos e precisa de uma lei que possa trazer o empres\u00e1rio de volta para a regi\u00e3o, gerando emprego, renda e fazendo voltar a pulsar o cora\u00e7\u00e3o de Bras\u00edlia\u201d, destacou Ovidio Maia, que \u00e9 um dos vice-presidentes da Fecom\u00e9rcio.<\/span><\/p>\n","protected":false},"excerpt":{"rendered":"<p>Por Samanta Sallum\u00a0 Foi aprovado hoje na C\u00e2mara Legislativa, por unanimidade, com 19 votos favor\u00e1veis, o PLC 141\/2022, que trata sobre extens\u00e3o de uso do Setor Comercial Sul. A medida permitir\u00e1 de forma mais \u00e1gil realizar obras e atrair novas empresas para a regi\u00e3o. A proposta contempla a extens\u00e3o de usos comerciais e de presta\u00e7\u00e3o de servi\u00e7os, que j\u00e1 constava [&hellip;]<\/p>\n","protected":false},"author":125,"featured_media":12480,"comment_status":"open","ping_status":"open","sticky":false,"template":"","format":"standard","meta":{"footnotes":""},"categories":[6],"tags":[962,276,1962,565],"class_list":["post-12477","post","type-post","status-publish","format-standard","has-post-thumbnail","hentry","category-coluna-capital-s-a","tag-desenvolvimento","tag-economia","tag-plc","tag-setorcomercialsul"],"_links":{"self":[{"href":"https:\/\/blogs.correiobraziliense.com.br\/capital-sa\/wp-json\/wp\/v2\/posts\/12477","targetHints":{"allow":["GET"]}}],"collection":[{"href":"https:\/\/blogs.correiobraziliense.com.br\/capital-sa\/wp-json\/wp\/v2\/posts"}],"about":[{"href":"https:\/\/blogs.correiobraziliense.com.br\/capital-sa\/wp-json\/wp\/v2\/types\/post"}],"author":[{"embeddable":true,"href":"https:\/\/blogs.correiobraziliense.com.br\/capital-sa\/wp-json\/wp\/v2\/users\/125"}],"replies":[{"embeddable":true,"href":"https:\/\/blogs.correiobraziliense.com.br\/capital-sa\/wp-json\/wp\/v2\/comments?post=12477"}],"version-history":[{"count":7,"href":"https:\/\/blogs.correiobraziliense.com.br\/capital-sa\/wp-json\/wp\/v2\/posts\/12477\/revisions"}],"predecessor-version":[{"id":12506,"href":"https:\/\/blogs.correiobraziliense.com.br\/capital-sa\/wp-json\/wp\/v2\/posts\/12477\/revisions\/12506"}],"wp:featuredmedia":[{"embeddable":true,"href":"https:\/\/blogs.correiobraziliense.com.br\/capital-sa\/wp-json\/wp\/v2\/media\/12480"}],"wp:attachment":[{"href":"https:\/\/blogs.correiobraziliense.com.br\/capital-sa\/wp-json\/wp\/v2\/media?parent=12477"}],"wp:term":[{"taxonomy":"category","embeddable":true,"href":"https:\/\/blogs.correiobraziliense.com.br\/capital-sa\/wp-json\/wp\/v2\/categories?post=12477"},{"taxonomy":"post_tag","embeddable":true,"href":"https:\/\/blogs.correiobraziliense.com.br\/capital-sa\/wp-json\/wp\/v2\/tags?post=12477"}],"curies":[{"name":"wp","href":"https:\/\/api.w.org\/{rel}","templated":true}]}}