{"id":12445,"date":"2023-04-10T08:20:00","date_gmt":"2023-04-10T11:20:00","guid":{"rendered":"https:\/\/blogs.correiobraziliense.com.br\/capital-sa\/?p=12445"},"modified":"2023-04-12T16:00:47","modified_gmt":"2023-04-12T19:00:47","slug":"casal-cria-vinho-exclusivo-para-brasilia","status":"publish","type":"post","link":"https:\/\/blogs.correiobraziliense.com.br\/capital-sa\/2023\/04\/10\/casal-cria-vinho-exclusivo-para-brasilia\/","title":{"rendered":"Casal cria vinho exclusivo para Bras\u00edlia"},"content":{"rendered":"<p class=\"p1\"><b>Por Samanta Sallum<br \/>\n<\/b><strong>Imagens de Marcelo Ferreira<\/strong><\/p>\n<p class=\"p1\"><span class=\"s1\">Um novo espa\u00e7o tem\u00a0<\/span>enriquecido as conversas nos happy hours da cidade. A Sala de Conte\u00fado \u00e9 um ambiente idealizado pela especialista em rela\u00e7\u00f5es institucionais e governamentais Rosilda Prates para reunir pequenos grupos para momentos de descontra\u00e7\u00e3o, mas ricos em informa\u00e7\u00e3o. Em estrat\u00e9gica parceria com a loja Vinho &amp; Ponto da Asa Norte &#8211; esta sob gest\u00e3o de Andr\u00e9 Rostand -, o espa\u00e7o promove encontros de conteudistas de diversas \u00e1reas, com apreciadores de vinhos e de boas conversas.<\/p>\n<p class=\"p1\">A agenda contempla assuntos que \u201charmonizam\u201d com um bom vinho: empoderamento feminino, artes, livros, m\u00fasica, t\u00eanis, cinema, viagens, Bras\u00edlia, tecnologia, pol\u00edtica e vida contempor\u00e2nea.<\/p>\n<p><img loading=\"lazy\" decoding=\"async\" class=\"aligncenter size-medium wp-image-12464\" src=\"https:\/\/blogs.correiobraziliense.com.br\/capital-sa\/wp-content\/uploads\/sites\/59\/2023\/04\/15667E39-1308-4B00-B1F1-9B0E22CD5BD8-300x201.jpeg\" alt=\"\" width=\"300\" height=\"201\" srcset=\"https:\/\/blogs.correiobraziliense.com.br\/capital-sa\/wp-content\/uploads\/sites\/59\/2023\/04\/15667E39-1308-4B00-B1F1-9B0E22CD5BD8-300x201.jpeg 300w, https:\/\/blogs.correiobraziliense.com.br\/capital-sa\/wp-content\/uploads\/sites\/59\/2023\/04\/15667E39-1308-4B00-B1F1-9B0E22CD5BD8-550x369.jpeg 550w, https:\/\/blogs.correiobraziliense.com.br\/capital-sa\/wp-content\/uploads\/sites\/59\/2023\/04\/15667E39-1308-4B00-B1F1-9B0E22CD5BD8-230x154.jpeg 230w, https:\/\/blogs.correiobraziliense.com.br\/capital-sa\/wp-content\/uploads\/sites\/59\/2023\/04\/15667E39-1308-4B00-B1F1-9B0E22CD5BD8.jpeg 577w\" sizes=\"auto, (max-width: 300px) 100vw, 300px\" \/><\/p>\n<p class=\"p1\"><span class=\"s1\"><b>Chardonnay Rostand<\/b><\/span><\/p>\n<p class=\"p1\"><span class=\"s1\">O casal Rosilda e Andr\u00e9 ainda \u00e9 produtor de vinho e criou\u00a0<\/span>um exclusivo: o Chardonnay Rostand. Produzido no Uruguai, mas pensado e elaborado para o p\u00fablico de Bras\u00edlia, \u00e9 leve, com perfil arom\u00e1tico bastante frutado, em que se destacam notas de abacaxi, graviola e c\u00edtricos.<\/p>\n<p class=\"p1\"><span class=\"s1\"><b>Produto personalizado <\/b><\/span><\/p>\n<p class=\"p1\"><span class=\"s1\">O vinho \u00e9 um exitoso fruto do projeto Private Vineyards, da inovadora bodega uruguaia Vi\u00f1a Ed\u00e9n, localizada a poucos quil\u00f4metros de Punta Del Este, que oferece a oportunidade para que os amantes da bebida possam viver a experi\u00eancia de elaborar r\u00f3tulos exclusivos, com sua marca.<\/span><\/p>\n<p class=\"p1\"><span class=\"s1\"><b>Cyrano de Bergerac<\/b><\/span><\/p>\n<p class=\"p1\"><span class=\"s1\">O Chardonnay Rostand foi inspirado na vida e obra do poeta e dramaturgo franc\u00eas Edmond Rostand, autor de Cyrano de Bergerac, em 1897. O escritor, em Paris, vivia entre ostras, o cancan, a euforia do final do s\u00e9culo 19 e muita poesia. \u201cNosso vinho foi pensado para transmitir a alegria e o frescor desse cen\u00e1rio\u201d,<span class=\"Apple-converted-space\">\u00a0 <\/span>contam Rosilda e Andr\u00e9.<\/span><\/p>\n","protected":false},"excerpt":{"rendered":"<p>Por Samanta Sallum Imagens de Marcelo Ferreira Um novo espa\u00e7o tem\u00a0enriquecido as conversas nos happy hours da cidade. A Sala de Conte\u00fado \u00e9 um ambiente idealizado pela especialista em rela\u00e7\u00f5es institucionais e governamentais Rosilda Prates para reunir pequenos grupos para momentos de descontra\u00e7\u00e3o, mas ricos em informa\u00e7\u00e3o. Em estrat\u00e9gica parceria com a loja Vinho &amp; Ponto da Asa Norte &#8211; [&hellip;]<\/p>\n","protected":false},"author":125,"featured_media":12463,"comment_status":"open","ping_status":"open","sticky":false,"template":"","format":"standard","meta":{"footnotes":""},"categories":[6],"tags":[1961,1960,1748],"class_list":["post-12445","post","type-post","status-publish","format-standard","has-post-thumbnail","hentry","category-coluna-capital-s-a","tag-criacao","tag-uruguai","tag-vinho"],"_links":{"self":[{"href":"https:\/\/blogs.correiobraziliense.com.br\/capital-sa\/wp-json\/wp\/v2\/posts\/12445","targetHints":{"allow":["GET"]}}],"collection":[{"href":"https:\/\/blogs.correiobraziliense.com.br\/capital-sa\/wp-json\/wp\/v2\/posts"}],"about":[{"href":"https:\/\/blogs.correiobraziliense.com.br\/capital-sa\/wp-json\/wp\/v2\/types\/post"}],"author":[{"embeddable":true,"href":"https:\/\/blogs.correiobraziliense.com.br\/capital-sa\/wp-json\/wp\/v2\/users\/125"}],"replies":[{"embeddable":true,"href":"https:\/\/blogs.correiobraziliense.com.br\/capital-sa\/wp-json\/wp\/v2\/comments?post=12445"}],"version-history":[{"count":8,"href":"https:\/\/blogs.correiobraziliense.com.br\/capital-sa\/wp-json\/wp\/v2\/posts\/12445\/revisions"}],"predecessor-version":[{"id":12503,"href":"https:\/\/blogs.correiobraziliense.com.br\/capital-sa\/wp-json\/wp\/v2\/posts\/12445\/revisions\/12503"}],"wp:featuredmedia":[{"embeddable":true,"href":"https:\/\/blogs.correiobraziliense.com.br\/capital-sa\/wp-json\/wp\/v2\/media\/12463"}],"wp:attachment":[{"href":"https:\/\/blogs.correiobraziliense.com.br\/capital-sa\/wp-json\/wp\/v2\/media?parent=12445"}],"wp:term":[{"taxonomy":"category","embeddable":true,"href":"https:\/\/blogs.correiobraziliense.com.br\/capital-sa\/wp-json\/wp\/v2\/categories?post=12445"},{"taxonomy":"post_tag","embeddable":true,"href":"https:\/\/blogs.correiobraziliense.com.br\/capital-sa\/wp-json\/wp\/v2\/tags?post=12445"}],"curies":[{"name":"wp","href":"https:\/\/api.w.org\/{rel}","templated":true}]}}