{"id":12439,"date":"2023-04-08T10:02:26","date_gmt":"2023-04-08T13:02:26","guid":{"rendered":"https:\/\/blogs.correiobraziliense.com.br\/capital-sa\/?p=12439"},"modified":"2023-04-12T15:49:21","modified_gmt":"2023-04-12T18:49:21","slug":"investimento-para-pesquisa-aplicada-na-industria","status":"publish","type":"post","link":"https:\/\/blogs.correiobraziliense.com.br\/capital-sa\/2023\/04\/08\/investimento-para-pesquisa-aplicada-na-industria\/","title":{"rendered":"Investimento para pesquisa aplicada na ind\u00fastria"},"content":{"rendered":"<p class=\"p1\"><span class=\"s1\"><b>Por Samanta Sallum\u00a0<\/b><\/span><\/p>\n<p class=\"p1\"><span class=\"s1\">Desde 2004, j\u00e1 foram mobilizados mais de 1.300 projetos inovadores, com investimentos de R$ 950 milh\u00f5es. Seis categorias para financiamento em pesquisa aplicada ser\u00e3o contempladas na primeira fase da Plataforma Inova\u00e7\u00e3o para a Ind\u00fastria em 2023.<br \/>\n<\/span><\/p>\n<p class=\"p1\"><span class=\"s1\">Juntas, elas ser\u00e3o respons\u00e1veis por mobilizar cerca de R$ 160 milh\u00f5es. O lan\u00e7amento da edi\u00e7\u00e3o do ano ocorreu na semana passada.\u00a0<\/span><\/p>\n<p class=\"p1\"><span class=\"s1\">A iniciativa \u00e9 do SENAI em parceria com o SESI para fomentar o desenvolvimento de solu\u00e7\u00f5es, produtos e processos inovadores, promovendo o aumento da produtividade e competitividade industrial brasileira.<\/span><\/p>\n<p class=\"p1\"><span class=\"s1\">\u201cEm 2023, estamos articulando com v\u00e1rios parceiros, iniciativas e categorias para ampliar o desenvolvimento de novos projetos. A rede de Institutos SENAI de Inova\u00e7\u00e3o funciona como grandes indutores da transfer\u00eancia de tecnologias para a ind\u00fastria brasileira, atuando com padr\u00e3o de excel\u00eancia\u201d, ressalta o diretor de Inova\u00e7\u00e3o e Tecnologia do SENAI, Jefferson Gomes.<\/span><\/p>\n<p>&nbsp;<\/p>\n","protected":false},"excerpt":{"rendered":"<p>Por Samanta Sallum\u00a0 Desde 2004, j\u00e1 foram mobilizados mais de 1.300 projetos inovadores, com investimentos de R$ 950 milh\u00f5es. Seis categorias para financiamento em pesquisa aplicada ser\u00e3o contempladas na primeira fase da Plataforma Inova\u00e7\u00e3o para a Ind\u00fastria em 2023. Juntas, elas ser\u00e3o respons\u00e1veis por mobilizar cerca de R$ 160 milh\u00f5es. O lan\u00e7amento da edi\u00e7\u00e3o do ano ocorreu na semana passada.\u00a0 [&hellip;]<\/p>\n","protected":false},"author":125,"featured_media":12459,"comment_status":"open","ping_status":"open","sticky":false,"template":"","format":"standard","meta":{"footnotes":""},"categories":[6],"tags":[654,143,337,273,33],"class_list":["post-12439","post","type-post","status-publish","format-standard","has-post-thumbnail","hentry","category-coluna-capital-s-a","tag-investimento","tag-pesquisa","tag-senai","tag-sesi","tag-tecnologia"],"_links":{"self":[{"href":"https:\/\/blogs.correiobraziliense.com.br\/capital-sa\/wp-json\/wp\/v2\/posts\/12439","targetHints":{"allow":["GET"]}}],"collection":[{"href":"https:\/\/blogs.correiobraziliense.com.br\/capital-sa\/wp-json\/wp\/v2\/posts"}],"about":[{"href":"https:\/\/blogs.correiobraziliense.com.br\/capital-sa\/wp-json\/wp\/v2\/types\/post"}],"author":[{"embeddable":true,"href":"https:\/\/blogs.correiobraziliense.com.br\/capital-sa\/wp-json\/wp\/v2\/users\/125"}],"replies":[{"embeddable":true,"href":"https:\/\/blogs.correiobraziliense.com.br\/capital-sa\/wp-json\/wp\/v2\/comments?post=12439"}],"version-history":[{"count":4,"href":"https:\/\/blogs.correiobraziliense.com.br\/capital-sa\/wp-json\/wp\/v2\/posts\/12439\/revisions"}],"predecessor-version":[{"id":12457,"href":"https:\/\/blogs.correiobraziliense.com.br\/capital-sa\/wp-json\/wp\/v2\/posts\/12439\/revisions\/12457"}],"wp:featuredmedia":[{"embeddable":true,"href":"https:\/\/blogs.correiobraziliense.com.br\/capital-sa\/wp-json\/wp\/v2\/media\/12459"}],"wp:attachment":[{"href":"https:\/\/blogs.correiobraziliense.com.br\/capital-sa\/wp-json\/wp\/v2\/media?parent=12439"}],"wp:term":[{"taxonomy":"category","embeddable":true,"href":"https:\/\/blogs.correiobraziliense.com.br\/capital-sa\/wp-json\/wp\/v2\/categories?post=12439"},{"taxonomy":"post_tag","embeddable":true,"href":"https:\/\/blogs.correiobraziliense.com.br\/capital-sa\/wp-json\/wp\/v2\/tags?post=12439"}],"curies":[{"name":"wp","href":"https:\/\/api.w.org\/{rel}","templated":true}]}}