{"id":12375,"date":"2023-04-03T00:20:51","date_gmt":"2023-04-03T03:20:51","guid":{"rendered":"https:\/\/blogs.correiobraziliense.com.br\/capital-sa\/?p=12375"},"modified":"2023-04-05T11:58:14","modified_gmt":"2023-04-05T14:58:14","slug":"sesi-lab-entre-os-guardioes-de-agua","status":"publish","type":"post","link":"https:\/\/blogs.correiobraziliense.com.br\/capital-sa\/2023\/04\/03\/sesi-lab-entre-os-guardioes-de-agua\/","title":{"rendered":"Sesi Lab entre os Guardi\u00f5es da \u00c1gua"},"content":{"rendered":"<p class=\"p1\"><span class=\"s1\"><b>Por Samanta Sallum <\/b><\/span><\/p>\n<p class=\"p1\"><span class=\"s1\">Em cerim\u00f4nia alusiva ao Dia Mundial da \u00c1gua, o museu Sesi Lab, em Bras\u00edlia, foi agraciado com o Selo Adasa \u2013 Guardi\u00f5es da \u00c1gua. A revitaliza\u00e7\u00e3o do pr\u00e9dio, projetado por Oscar Niemeyer, para sediar o museu foi realizada pelo escrit\u00f3rio do arquiteto Gustavo Penna, a partir de par\u00e2metros internacionais de edifica\u00e7\u00f5es sustent\u00e1veis.<\/span><\/p>\n<p class=\"p1\"><span class=\"s1\">\u201cA gente espera que o exemplo do Sesi Lab inspire outras empresas e institui\u00e7\u00f5es de firmar esse compromisso muito s\u00e9rio com o meio ambiente e, sobretudo, com o futuro das nossas gera\u00e7\u00f5es\u201d, destacou o diretor de Opera\u00e7\u00f5es do Sesi, Paulo M\u00f3l.<\/span><\/p>\n","protected":false},"excerpt":{"rendered":"<p>Por Samanta Sallum Em cerim\u00f4nia alusiva ao Dia Mundial da \u00c1gua, o museu Sesi Lab, em Bras\u00edlia, foi agraciado com o Selo Adasa \u2013 Guardi\u00f5es da \u00c1gua. A revitaliza\u00e7\u00e3o do pr\u00e9dio, projetado por Oscar Niemeyer, para sediar o museu foi realizada pelo escrit\u00f3rio do arquiteto Gustavo Penna, a partir de par\u00e2metros internacionais de edifica\u00e7\u00f5es sustent\u00e1veis. \u201cA gente espera que o [&hellip;]<\/p>\n","protected":false},"author":125,"featured_media":12381,"comment_status":"open","ping_status":"open","sticky":false,"template":"","format":"standard","meta":{"footnotes":""},"categories":[6],"tags":[1949,1948,260,1617],"class_list":["post-12375","post","type-post","status-publish","format-standard","has-post-thumbnail","hentry","category-coluna-capital-s-a","tag-adasa","tag-guardioesdaagua","tag-selo","tag-sesilab"],"_links":{"self":[{"href":"https:\/\/blogs.correiobraziliense.com.br\/capital-sa\/wp-json\/wp\/v2\/posts\/12375","targetHints":{"allow":["GET"]}}],"collection":[{"href":"https:\/\/blogs.correiobraziliense.com.br\/capital-sa\/wp-json\/wp\/v2\/posts"}],"about":[{"href":"https:\/\/blogs.correiobraziliense.com.br\/capital-sa\/wp-json\/wp\/v2\/types\/post"}],"author":[{"embeddable":true,"href":"https:\/\/blogs.correiobraziliense.com.br\/capital-sa\/wp-json\/wp\/v2\/users\/125"}],"replies":[{"embeddable":true,"href":"https:\/\/blogs.correiobraziliense.com.br\/capital-sa\/wp-json\/wp\/v2\/comments?post=12375"}],"version-history":[{"count":5,"href":"https:\/\/blogs.correiobraziliense.com.br\/capital-sa\/wp-json\/wp\/v2\/posts\/12375\/revisions"}],"predecessor-version":[{"id":12429,"href":"https:\/\/blogs.correiobraziliense.com.br\/capital-sa\/wp-json\/wp\/v2\/posts\/12375\/revisions\/12429"}],"wp:featuredmedia":[{"embeddable":true,"href":"https:\/\/blogs.correiobraziliense.com.br\/capital-sa\/wp-json\/wp\/v2\/media\/12381"}],"wp:attachment":[{"href":"https:\/\/blogs.correiobraziliense.com.br\/capital-sa\/wp-json\/wp\/v2\/media?parent=12375"}],"wp:term":[{"taxonomy":"category","embeddable":true,"href":"https:\/\/blogs.correiobraziliense.com.br\/capital-sa\/wp-json\/wp\/v2\/categories?post=12375"},{"taxonomy":"post_tag","embeddable":true,"href":"https:\/\/blogs.correiobraziliense.com.br\/capital-sa\/wp-json\/wp\/v2\/tags?post=12375"}],"curies":[{"name":"wp","href":"https:\/\/api.w.org\/{rel}","templated":true}]}}