{"id":1235,"date":"2021-01-06T19:48:33","date_gmt":"2021-01-06T22:48:33","guid":{"rendered":"https:\/\/blogs.correiobraziliense.com.br\/capital-sa\/?p=1235"},"modified":"2021-01-06T20:05:19","modified_gmt":"2021-01-06T23:05:19","slug":"663-dos-brasileiros-estao-endividados","status":"publish","type":"post","link":"https:\/\/blogs.correiobraziliense.com.br\/capital-sa\/2021\/01\/06\/663-dos-brasileiros-estao-endividados\/","title":{"rendered":"66,3% dos brasileiros est\u00e3o endividados"},"content":{"rendered":"<p>Ap\u00f3s tr\u00eas redu\u00e7\u00f5es seguidas, o n\u00famero de brasileiros com d\u00edvidas voltou a subir no \u00faltimo m\u00eas de 2020. \u00c9 o que revela pesquisa da Confedera\u00e7\u00e3o Nacional do Com\u00e9rcio de Bens, Servi\u00e7os e Turismo (CNC).<\/p>\n<p>A Pesquisa de Endividamento e Inadimpl\u00eancia do Consumidor (Peic) de dezembro apontou que 66,3% dos consumidores est\u00e3o endividados, uma alta de 0,3 ponto percentual com rela\u00e7\u00e3o a novembro. No comparativo anual, o indicador registrou aumento de 0,7 ponto percentual.<\/p>\n<p>&nbsp;<\/p>\n<h3>Mais cr\u00e9dito<\/h3>\n<p>&nbsp;<\/p>\n<p>Para o presidente da CNC, Jos\u00e9 Roberto Tadros, o cr\u00e9dito deve ganhar destaque na retomada da economia, em 2021. \u201c\u00c9 importante n\u00e3o somente seguir ampliando o acesso aos recursos com custos mais baixos, mas tamb\u00e9m alongar os prazos de pagamento das d\u00edvidas para mitigar o risco da inadimpl\u00eancia no sistema financeiro\u201d, refor\u00e7a.<\/p>\n<p>Grande parte do cr\u00e9dito ofertado durante a pandemia foi concedido com car\u00eancia nos pagamentos e deve come\u00e7ar a vencer no in\u00edcio deste ano.<\/p>\n<p>&nbsp;<\/p>\n<h3>D\u00e9bitos sendo quitados<\/h3>\n<p>&nbsp;<\/p>\n<p>Apesar da alta do endividamento, os consumidores seguem conseguindo quitar d\u00e9bitos e compromissos financeiros. O total de fam\u00edlias com d\u00edvidas ou contas em atraso apresentou a quarta redu\u00e7\u00e3o consecutiva, caindo de 25,7%, em novembro, para 25,2%, em dezembro. Em compara\u00e7\u00e3o com igual m\u00eas de 2019, a propor\u00e7\u00e3o cresceu 0,7 ponto percentual.<\/p>\n<p>A parcela das fam\u00edlias que declararam n\u00e3o ter condi\u00e7\u00f5es de pagar suas contas ou d\u00edvidas em atraso e que, portanto, permanecer\u00e3o inadimplentes teve nova retra\u00e7\u00e3o, passando de 11,5% para 11,2%. Em dezembro de 2019, o indicador havia alcan\u00e7ado 10%.<\/p>\n<p>&nbsp;<\/p>\n<h3>Cart\u00f5es de cr\u00e9dito<\/h3>\n<p>&nbsp;<\/p>\n<p>Com rela\u00e7\u00e3o aos tipos de d\u00edvida, a propor\u00e7\u00e3o de brasileiros que utilizam o cart\u00e3o de cr\u00e9dito voltou a crescer, alcan\u00e7ando 79,4% das fam\u00edlias \u2013 a maior taxa desde janeiro de 2020 \u2013 mantendo-se como a principal modalidade de endividamento.<\/p>\n","protected":false},"excerpt":{"rendered":"<p>Ap\u00f3s tr\u00eas redu\u00e7\u00f5es seguidas, o n\u00famero de brasileiros com d\u00edvidas voltou a subir no \u00faltimo m\u00eas de 2020. \u00c9 o que revela pesquisa da Confedera\u00e7\u00e3o Nacional do Com\u00e9rcio de Bens, Servi\u00e7os e Turismo (CNC). A Pesquisa de Endividamento e Inadimpl\u00eancia do Consumidor (Peic) de dezembro apontou que 66,3% dos consumidores est\u00e3o endividados, uma alta de 0,3 ponto percentual com rela\u00e7\u00e3o [&hellip;]<\/p>\n","protected":false},"author":125,"featured_media":1137,"comment_status":"open","ping_status":"open","sticky":false,"template":"","format":"standard","meta":{"footnotes":""},"categories":[6],"tags":[259,405,44],"class_list":["post-1235","post","type-post","status-publish","format-standard","has-post-thumbnail","hentry","category-coluna-capital-s-a","tag-consumidor","tag-debitos","tag-divida"],"_links":{"self":[{"href":"https:\/\/blogs.correiobraziliense.com.br\/capital-sa\/wp-json\/wp\/v2\/posts\/1235","targetHints":{"allow":["GET"]}}],"collection":[{"href":"https:\/\/blogs.correiobraziliense.com.br\/capital-sa\/wp-json\/wp\/v2\/posts"}],"about":[{"href":"https:\/\/blogs.correiobraziliense.com.br\/capital-sa\/wp-json\/wp\/v2\/types\/post"}],"author":[{"embeddable":true,"href":"https:\/\/blogs.correiobraziliense.com.br\/capital-sa\/wp-json\/wp\/v2\/users\/125"}],"replies":[{"embeddable":true,"href":"https:\/\/blogs.correiobraziliense.com.br\/capital-sa\/wp-json\/wp\/v2\/comments?post=1235"}],"version-history":[{"count":1,"href":"https:\/\/blogs.correiobraziliense.com.br\/capital-sa\/wp-json\/wp\/v2\/posts\/1235\/revisions"}],"predecessor-version":[{"id":1236,"href":"https:\/\/blogs.correiobraziliense.com.br\/capital-sa\/wp-json\/wp\/v2\/posts\/1235\/revisions\/1236"}],"wp:featuredmedia":[{"embeddable":true,"href":"https:\/\/blogs.correiobraziliense.com.br\/capital-sa\/wp-json\/wp\/v2\/media\/1137"}],"wp:attachment":[{"href":"https:\/\/blogs.correiobraziliense.com.br\/capital-sa\/wp-json\/wp\/v2\/media?parent=1235"}],"wp:term":[{"taxonomy":"category","embeddable":true,"href":"https:\/\/blogs.correiobraziliense.com.br\/capital-sa\/wp-json\/wp\/v2\/categories?post=1235"},{"taxonomy":"post_tag","embeddable":true,"href":"https:\/\/blogs.correiobraziliense.com.br\/capital-sa\/wp-json\/wp\/v2\/tags?post=1235"}],"curies":[{"name":"wp","href":"https:\/\/api.w.org\/{rel}","templated":true}]}}