{"id":12346,"date":"2023-03-28T14:15:49","date_gmt":"2023-03-28T17:15:49","guid":{"rendered":"https:\/\/blogs.correiobraziliense.com.br\/capital-sa\/?p=12346"},"modified":"2023-04-05T11:29:39","modified_gmt":"2023-04-05T14:29:39","slug":"agenda-da-industria-para-o-congresso-nacional","status":"publish","type":"post","link":"https:\/\/blogs.correiobraziliense.com.br\/capital-sa\/2023\/03\/28\/agenda-da-industria-para-o-congresso-nacional\/","title":{"rendered":"Agenda da Ind\u00fastria para o Congresso Nacional"},"content":{"rendered":"<p class=\"p1\"><b>Por Samanta Sallum\u00a0<\/b><\/p>\n<p class=\"p1\"><span class=\"s1\">A Agenda Legislativa da Ind\u00fastria, lan\u00e7ada hoje, registra em 2023 o recorde de participa\u00e7\u00e3o de entidades ligadas ao setor. As 27 federa\u00e7\u00f5es estaduais e 112 associa\u00e7\u00f5es setoriais e sindicatos industriais participaram de elabora\u00e7\u00e3o do documento, 23 a mais que em 2022. A Agenda, que chega \u00e0 28\u00aa edi\u00e7\u00e3o, re\u00fane 139 projetos de lei de interesse do segmento que tramitam no Congresso Nacional. <\/span><\/p>\n<p class=\"p1\"><span class=\"s1\"><b>Prioridades <\/b><\/span><\/p>\n<p class=\"p1\"><span class=\"s1\">A CNI elencou 12 propostas como priorit\u00e1rias, entre as quais a Reforma Tribut\u00e1ria, o aprimoramento da Lei de Licenciamento Ambiental, a regulamenta\u00e7\u00e3o do mercado de cr\u00e9dito de carbono e o projeto de moderniza\u00e7\u00e3o do setor el\u00e9trico.<\/span><\/p>\n<p class=\"p1\"><span class=\"s1\">&#8220;A Agenda reflete um esfor\u00e7o grande de consulta \u00e0s nossas bases, na constru\u00e7\u00e3o desse conjunto de prioridades, o que \u00e9 muito importante para a representa\u00e7\u00e3o da ind\u00fastria com o Poder Legislativo&#8221; , aponta M\u00f4nica Messenberg, diretora de Rela\u00e7\u00f5es Institucionais da CNI.<\/span><\/p>\n","protected":false},"excerpt":{"rendered":"<p>Por Samanta Sallum\u00a0 A Agenda Legislativa da Ind\u00fastria, lan\u00e7ada hoje, registra em 2023 o recorde de participa\u00e7\u00e3o de entidades ligadas ao setor. As 27 federa\u00e7\u00f5es estaduais e 112 associa\u00e7\u00f5es setoriais e sindicatos industriais participaram de elabora\u00e7\u00e3o do documento, 23 a mais que em 2022. A Agenda, que chega \u00e0 28\u00aa edi\u00e7\u00e3o, re\u00fane 139 projetos de lei de interesse do segmento [&hellip;]<\/p>\n","protected":false},"author":125,"featured_media":12354,"comment_status":"open","ping_status":"open","sticky":false,"template":"","format":"standard","meta":{"footnotes":""},"categories":[6],"tags":[1938,64,60],"class_list":["post-12346","post","type-post","status-publish","format-standard","has-post-thumbnail","hentry","category-coluna-capital-s-a","tag-agendalegislativa","tag-cni","tag-industria"],"_links":{"self":[{"href":"https:\/\/blogs.correiobraziliense.com.br\/capital-sa\/wp-json\/wp\/v2\/posts\/12346","targetHints":{"allow":["GET"]}}],"collection":[{"href":"https:\/\/blogs.correiobraziliense.com.br\/capital-sa\/wp-json\/wp\/v2\/posts"}],"about":[{"href":"https:\/\/blogs.correiobraziliense.com.br\/capital-sa\/wp-json\/wp\/v2\/types\/post"}],"author":[{"embeddable":true,"href":"https:\/\/blogs.correiobraziliense.com.br\/capital-sa\/wp-json\/wp\/v2\/users\/125"}],"replies":[{"embeddable":true,"href":"https:\/\/blogs.correiobraziliense.com.br\/capital-sa\/wp-json\/wp\/v2\/comments?post=12346"}],"version-history":[{"count":5,"href":"https:\/\/blogs.correiobraziliense.com.br\/capital-sa\/wp-json\/wp\/v2\/posts\/12346\/revisions"}],"predecessor-version":[{"id":12422,"href":"https:\/\/blogs.correiobraziliense.com.br\/capital-sa\/wp-json\/wp\/v2\/posts\/12346\/revisions\/12422"}],"wp:featuredmedia":[{"embeddable":true,"href":"https:\/\/blogs.correiobraziliense.com.br\/capital-sa\/wp-json\/wp\/v2\/media\/12354"}],"wp:attachment":[{"href":"https:\/\/blogs.correiobraziliense.com.br\/capital-sa\/wp-json\/wp\/v2\/media?parent=12346"}],"wp:term":[{"taxonomy":"category","embeddable":true,"href":"https:\/\/blogs.correiobraziliense.com.br\/capital-sa\/wp-json\/wp\/v2\/categories?post=12346"},{"taxonomy":"post_tag","embeddable":true,"href":"https:\/\/blogs.correiobraziliense.com.br\/capital-sa\/wp-json\/wp\/v2\/tags?post=12346"}],"curies":[{"name":"wp","href":"https:\/\/api.w.org\/{rel}","templated":true}]}}