{"id":12344,"date":"2023-03-28T14:24:06","date_gmt":"2023-03-28T17:24:06","guid":{"rendered":"https:\/\/blogs.correiobraziliense.com.br\/capital-sa\/?p=12344"},"modified":"2023-04-05T11:33:53","modified_gmt":"2023-04-05T14:33:53","slug":"projeto-de-lei-do-gdf-preve-mudancas-na-ceb","status":"publish","type":"post","link":"https:\/\/blogs.correiobraziliense.com.br\/capital-sa\/2023\/03\/28\/projeto-de-lei-do-gdf-preve-mudancas-na-ceb\/","title":{"rendered":"Projeto de lei do GDF prev\u00ea mudan\u00e7as na CEB"},"content":{"rendered":"<p class=\"p1\"><b>Por Samanta Sallum<\/b><\/p>\n<p>O governador Ibaneis Rocha enviou \u00e0 C\u00e2mara Legislativa projeto de lei que altera o perfil de atua\u00e7\u00e3o da CEB. Com a proposta, ela passa de prestadora a concession\u00e1ria de servi\u00e7os. Na pr\u00e1tica, isso permitir\u00e1 a empresa investir recursos pr\u00f3prios diretamente na expans\u00e3o e na renova\u00e7\u00e3o da rede de ilumina\u00e7\u00e3o p\u00fablica do DF.<\/p>\n<p>No modelo atual, a CEB presta servi\u00e7os \u00e0 Secretaria de Obras, que a paga por projeto. No entanto, n\u00e3o h\u00e1 capacidade financeira do GDF de aportar, com a rapidez necess\u00e1ria, os R$ 350 milh\u00f5es para modernizar os pontos de ilumina\u00e7\u00e3o j\u00e1 existentes, passando para led, e instalar mais 70 mil postes de luz que o DF demanda.<\/p>\n<p>&#8220;Esse investimento, no ritmo e nas condi\u00e7\u00f5es atuais do GDF, demoraria mais de 10 anos para ser realmente feito. E a capital federal n\u00e3o pode esperar mais&#8221;, explicou o presidente da CEB holding, Edison Garcia.<\/p>\n<p class=\"p1\"><span class=\"s1\">O projeto est\u00e1 sendo apresentado tecnicamente aos deputados distritais e ao setor produtivo.<span class=\"Apple-converted-space\">\u00a0 <\/span>Garcia deixa claro que isso n\u00e3o tem nada a ver com alguma nova privatiza\u00e7\u00e3o. &#8220;Isso tamb\u00e9m n\u00e3o mexe na nossa estrutura de funcion\u00e1rios&#8221;, frisa.<\/span><\/p>\n<p class=\"p1\"><span class=\"s1\"><b>Maior lucro da hist\u00f3ria<\/b><\/span><\/p>\n<p class=\"p1\"><span class=\"s1\">A CEB holding fechou o exerc\u00edcio de 2022 com lucro l\u00edquido de R$ 196 milh\u00f5es. \u00c9 o maior na sua hist\u00f3ria, tirando o n\u00e3o recorrente com a venda da CEB distribui\u00e7\u00e3o. Em 2019, as empresas de gera\u00e7\u00e3o fizeram lucro de cerca de R$ 80 milh\u00f5es, mas foi dilu\u00eddo pelos preju\u00edzos da distribuidora. &#8220;Agora \u00e9 diferente. Temos lucro l\u00edquido, n\u00e3o temos d\u00edvida. Isso gerou efici\u00eancia&#8221;, completa Garcia.<\/span><\/p>\n<p><b>Caixa<\/b><\/p>\n<p>Com lucro, a CEB tem caixa para investir no servi\u00e7o de expans\u00e3o, moderniza\u00e7\u00e3o e manuten\u00e7\u00e3o da ilumina\u00e7\u00e3o p\u00fablica. Como concession\u00e1ria, poder\u00e1 fechar contrato com o GDF para fazer o investimento, captando tamb\u00e9m mais recursos no mercado. E o governo pagar\u00e1, por at\u00e9 30 anos, parcelas mensais \u00e0 CEB pelo servi\u00e7o.<\/p>\n<p class=\"p1\"><span class=\"s1\">A conta paga \u00e0 Neoenergia, pelo GDF, para fornecimento de energia, chega a R$ 200 milh\u00f5es por ano. Com a troca do sistema antigo para a ilumina\u00e7\u00e3o de led, que tem menos custo, a conta cair\u00e1 para R$ 90 milh\u00f5es. &#8220;Assim, uma coisa compensa a outra. Poderemos fazer<span class=\"Apple-converted-space\">\u00a0<\/span>o investimento. O GDF economizar\u00e1 em gasto na conta de luz e ter\u00e1 caixa para nos pagar&#8221;, detalhou \u00e0 coluna Garcia.<\/span><\/p>\n","protected":false},"excerpt":{"rendered":"<p>Por Samanta Sallum O governador Ibaneis Rocha enviou \u00e0 C\u00e2mara Legislativa projeto de lei que altera o perfil de atua\u00e7\u00e3o da CEB. Com a proposta, ela passa de prestadora a concession\u00e1ria de servi\u00e7os. Na pr\u00e1tica, isso permitir\u00e1 a empresa investir recursos pr\u00f3prios diretamente na expans\u00e3o e na renova\u00e7\u00e3o da rede de ilumina\u00e7\u00e3o p\u00fablica do DF. No modelo atual, a CEB [&hellip;]<\/p>\n","protected":false},"author":125,"featured_media":12352,"comment_status":"open","ping_status":"open","sticky":false,"template":"","format":"standard","meta":{"footnotes":""},"categories":[6],"tags":[107,1941,1939,304,1940],"class_list":["post-12344","post","type-post","status-publish","format-standard","has-post-thumbnail","hentry","category-coluna-capital-s-a","tag-ceb","tag-concessionaria","tag-eletricidade","tag-lucro","tag-luz"],"_links":{"self":[{"href":"https:\/\/blogs.correiobraziliense.com.br\/capital-sa\/wp-json\/wp\/v2\/posts\/12344","targetHints":{"allow":["GET"]}}],"collection":[{"href":"https:\/\/blogs.correiobraziliense.com.br\/capital-sa\/wp-json\/wp\/v2\/posts"}],"about":[{"href":"https:\/\/blogs.correiobraziliense.com.br\/capital-sa\/wp-json\/wp\/v2\/types\/post"}],"author":[{"embeddable":true,"href":"https:\/\/blogs.correiobraziliense.com.br\/capital-sa\/wp-json\/wp\/v2\/users\/125"}],"replies":[{"embeddable":true,"href":"https:\/\/blogs.correiobraziliense.com.br\/capital-sa\/wp-json\/wp\/v2\/comments?post=12344"}],"version-history":[{"count":6,"href":"https:\/\/blogs.correiobraziliense.com.br\/capital-sa\/wp-json\/wp\/v2\/posts\/12344\/revisions"}],"predecessor-version":[{"id":12424,"href":"https:\/\/blogs.correiobraziliense.com.br\/capital-sa\/wp-json\/wp\/v2\/posts\/12344\/revisions\/12424"}],"wp:featuredmedia":[{"embeddable":true,"href":"https:\/\/blogs.correiobraziliense.com.br\/capital-sa\/wp-json\/wp\/v2\/media\/12352"}],"wp:attachment":[{"href":"https:\/\/blogs.correiobraziliense.com.br\/capital-sa\/wp-json\/wp\/v2\/media?parent=12344"}],"wp:term":[{"taxonomy":"category","embeddable":true,"href":"https:\/\/blogs.correiobraziliense.com.br\/capital-sa\/wp-json\/wp\/v2\/categories?post=12344"},{"taxonomy":"post_tag","embeddable":true,"href":"https:\/\/blogs.correiobraziliense.com.br\/capital-sa\/wp-json\/wp\/v2\/tags?post=12344"}],"curies":[{"name":"wp","href":"https:\/\/api.w.org\/{rel}","templated":true}]}}