{"id":12339,"date":"2023-03-23T17:42:13","date_gmt":"2023-03-23T20:42:13","guid":{"rendered":"https:\/\/blogs.correiobraziliense.com.br\/capital-sa\/?p=12339"},"modified":"2023-04-05T11:27:06","modified_gmt":"2023-04-05T14:27:06","slug":"ibaneis-reforca-parceria-com-o-setor-produtivo","status":"publish","type":"post","link":"https:\/\/blogs.correiobraziliense.com.br\/capital-sa\/2023\/03\/23\/ibaneis-reforca-parceria-com-o-setor-produtivo\/","title":{"rendered":"Ibaneis refor\u00e7a parceria com o setor produtivo"},"content":{"rendered":"<p class=\"p1\"><b>Por Samanta Sallum\u00a0<\/b><\/p>\n<p class=\"p1\"><span class=\"s1\">Presidentes de federa\u00e7\u00f5es se reuniram, na manh\u00e3 de ontem, com o governador Ibaneis Rocha e secret\u00e1rios de governo, no Pal\u00e1cio do Buriti. Foi o primeiro encontro do grupo ap\u00f3s os 66 dias em que esteve afastado do GDF. Ibaneis disse que o momento \u00e9 de acelerar os trabalhos e manter \u201ca uni\u00e3o\u201d para fazer a capital crescer economicamente.<br \/>\n<\/span><\/p>\n<p><b>Juros altos\u00a0<\/b><\/p>\n<p class=\"p1\"><span class=\"s1\">Entre alguns temas, o governador expressou preocupa\u00e7\u00e3o com o cen\u00e1rio econ\u00f4mico nacional e internacional. Citou os impactos da manuten\u00e7\u00e3o da alta taxa de juros e a redu\u00e7\u00e3o dos consignados, que resultou na desist\u00eancia de alguns bancos em operar linhas de cr\u00e9dito. Segundo ele, esses fatores atingem diretamente o com\u00e9rcio e o setor imobili\u00e1rio. <\/span><\/p>\n<p class=\"p1\"><span class=\"s1\">&#8220;\u00c9 um momento em que o Governo do Distrito Federal precisa se juntar cada vez mais aos empres\u00e1rios e ao setor produtivo para que a gente n\u00e3o sofra tanto os impactos dessas dificuldades que vamos viver durante o ano de 2023&#8221;, frisou Ibaneis. <\/span><\/p>\n<p class=\"p1\"><span class=\"s1\"><b>Novas obras no DF<\/b><\/span><\/p>\n<p class=\"p1\"><span class=\"s1\">O presidente da Fecom\u00e9rcio-DF, Jos\u00e9 Aparecido Freire, saudou o retorno do governador e anunciou obras do Sistema Com\u00e9rcio que poder\u00e3o ajudar na gera\u00e7\u00e3o de emprego e no desenvolvimento econ\u00f4mico-social da capital. Ele, que tamb\u00e9m \u00e9 vice-presidente CNC, contou que a entidade deu in\u00edcio \u00e0 constru\u00e7\u00e3o de tr\u00eas novos empreendimentos em Bras\u00edlia: um hospital na 603 Sul, um hotel no Setor Hoteleiro Norte e um centro de distribui\u00e7\u00e3o do Senac Nacional no Setor de Ind\u00fastria (SIA). <\/span><\/p>\n<p class=\"p1\"><span class=\"s1\"><b>Tecnologia e ind\u00fastria<\/b><\/span><\/p>\n<p class=\"p1\"><span class=\"s1\">O presidente da Federa\u00e7\u00e3o das Ind\u00fastrias do DF, Jamal Bittar, elogiou as nomea\u00e7\u00f5es realizadas por Ibaneis na Secretaria de Tecnologia, na de Desenvolvimento e Trabalho, na (FAPDF) e no BioTIC. E sugeriu um encontro entre todas essas \u00e1reas para que planejem a &#8220;pol\u00edtica de desenvolvimento efetiva&#8221; do Distrito Federal.<\/span><\/p>\n<p class=\"p1\"><span class=\"s1\"><b>Sebrae<\/b>\u00a0<\/span><\/p>\n<p class=\"p1\"><span class=\"s1\">A superintendente do Sebrae-DF, Rose Rainha, foi respons\u00e1vel pela articula\u00e7\u00e3o do encontro das federa\u00e7\u00f5es e entidades com o governador. \u201cNossa primeira pauta foi essa aproxima\u00e7\u00e3o e esse abra\u00e7o no governador pelo seu retorno&#8221;, disse Rainha. <\/span><\/p>\n<p class=\"p1\"><span class=\"s1\"><b>Presen\u00e7as <\/b><\/span><\/p>\n<p class=\"p1\"><span class=\"s1\">Participaram tamb\u00e9m os presidentes da FACI-DF, Valdeci Macedo; da Fape-DF, Fernando Ribeiro; da Fenatac, Paulo Afonso; o presidente da CDL, Wagner Silveira, e o presidente do Codese, Leonardo Avila. Pelo GDF, participaram o secret\u00e1rio de Governo, Jos\u00e9 Humberto, o secret\u00e1rio de Fazenda, Jos\u00e9 Itamar Feitosa, a chefe de gabinete do governador, Juliana Monici, e o secret\u00e1rio de Comunica\u00e7\u00e3o, Wellington Moraes.<\/span><\/p>\n","protected":false},"excerpt":{"rendered":"<p>Por Samanta Sallum\u00a0 Presidentes de federa\u00e7\u00f5es se reuniram, na manh\u00e3 de ontem, com o governador Ibaneis Rocha e secret\u00e1rios de governo, no Pal\u00e1cio do Buriti. Foi o primeiro encontro do grupo ap\u00f3s os 66 dias em que esteve afastado do GDF. Ibaneis disse que o momento \u00e9 de acelerar os trabalhos e manter \u201ca uni\u00e3o\u201d para fazer a capital crescer [&hellip;]<\/p>\n","protected":false},"author":125,"featured_media":12342,"comment_status":"open","ping_status":"open","sticky":false,"template":"","format":"standard","meta":{"footnotes":""},"categories":[6],"tags":[276,1709,555,70],"class_list":["post-12339","post","type-post","status-publish","format-standard","has-post-thumbnail","hentry","category-coluna-capital-s-a","tag-economia","tag-federacoes","tag-reuniao","tag-ibaneis"],"_links":{"self":[{"href":"https:\/\/blogs.correiobraziliense.com.br\/capital-sa\/wp-json\/wp\/v2\/posts\/12339","targetHints":{"allow":["GET"]}}],"collection":[{"href":"https:\/\/blogs.correiobraziliense.com.br\/capital-sa\/wp-json\/wp\/v2\/posts"}],"about":[{"href":"https:\/\/blogs.correiobraziliense.com.br\/capital-sa\/wp-json\/wp\/v2\/types\/post"}],"author":[{"embeddable":true,"href":"https:\/\/blogs.correiobraziliense.com.br\/capital-sa\/wp-json\/wp\/v2\/users\/125"}],"replies":[{"embeddable":true,"href":"https:\/\/blogs.correiobraziliense.com.br\/capital-sa\/wp-json\/wp\/v2\/comments?post=12339"}],"version-history":[{"count":4,"href":"https:\/\/blogs.correiobraziliense.com.br\/capital-sa\/wp-json\/wp\/v2\/posts\/12339\/revisions"}],"predecessor-version":[{"id":12420,"href":"https:\/\/blogs.correiobraziliense.com.br\/capital-sa\/wp-json\/wp\/v2\/posts\/12339\/revisions\/12420"}],"wp:featuredmedia":[{"embeddable":true,"href":"https:\/\/blogs.correiobraziliense.com.br\/capital-sa\/wp-json\/wp\/v2\/media\/12342"}],"wp:attachment":[{"href":"https:\/\/blogs.correiobraziliense.com.br\/capital-sa\/wp-json\/wp\/v2\/media?parent=12339"}],"wp:term":[{"taxonomy":"category","embeddable":true,"href":"https:\/\/blogs.correiobraziliense.com.br\/capital-sa\/wp-json\/wp\/v2\/categories?post=12339"},{"taxonomy":"post_tag","embeddable":true,"href":"https:\/\/blogs.correiobraziliense.com.br\/capital-sa\/wp-json\/wp\/v2\/tags?post=12339"}],"curies":[{"name":"wp","href":"https:\/\/api.w.org\/{rel}","templated":true}]}}