{"id":12328,"date":"2023-03-22T23:22:31","date_gmt":"2023-03-23T02:22:31","guid":{"rendered":"https:\/\/blogs.correiobraziliense.com.br\/capital-sa\/?p=12328"},"modified":"2023-04-05T11:19:36","modified_gmt":"2023-04-05T14:19:36","slug":"mateus-oliveira-pede-exoneracao-da-seduh","status":"publish","type":"post","link":"https:\/\/blogs.correiobraziliense.com.br\/capital-sa\/2023\/03\/22\/mateus-oliveira-pede-exoneracao-da-seduh\/","title":{"rendered":"Mateus Oliveira pede exonera\u00e7\u00e3o da Seduh"},"content":{"rendered":"<p class=\"p1\"><b>Por Samanta Sallum\u00a0<\/b><\/p>\n<p class=\"p1\"><span class=\"s1\">A Secretaria de Desenvolvimento Urbano e de Habita\u00e7\u00e3o do DF (Seduh) tem novo comando. Mateus Oliveira pediu exonera\u00e7\u00e3o do cargo.<span class=\"Apple-converted-space\">\u00a0 &#8220;<\/span>Ap\u00f3s mais de 4 anos de muito trabalho e dedica\u00e7\u00e3o na Seduh, encerro essa importante etapa da minha vida profissional, para agora me dedicar mais \u00e0 minha fam\u00edlia&#8221;, informou.<br \/>\n<\/span><\/p>\n<p class=\"p1\"><span class=\"s1\">Quem assume no lugar \u00e9 Marcelo Vaz, servidor de carreira do GDF, que faz parte da equipe desde 2019. Segundo Oliveira, &#8220;<\/span>poder\u00e1 dar continuidade a tudo que foi constru\u00eddo at\u00e9 aqui&#8221;. Vaz era o 02 de Oliveira.<\/p>\n<p class=\"p1\"><span class=\"s1\">O agora ex-secret\u00e1rio fez um agradecimento a Ibaneis. &#8220;Tenho a sensa\u00e7\u00e3o de dever cumprido e muita gratid\u00e3o a Deus e ao governador Ibaneis pela oportunidade de servir ao Distrito Federal nesse per\u00edodo.&#8221;<\/span><\/p>\n<p>Causou surpresa e estranhamento a sa\u00edda de Mateus, considerado um dos mais eficientes secret\u00e1rios de Ibaneis. Somente ele e Valter Casimiro (Transporte) faziam parte do governo desde o primeiro dia de mandato do emedebista, ou seja, desde 2019.<\/p>\n<p>H\u00e1 rumores de que Casimiro tamb\u00e9m pretendia ou pretende deixar o governo.<\/p>\n<p>Mateus Oliveira conseguiu a aprova\u00e7\u00e3o da Luos e avan\u00e7ava no projeto de lei do Plano de Preserva\u00e7\u00e3o do Conjunto Urban\u00edstico de Bras\u00edlia (PPCUB). Tamb\u00e9m estava empenhado na conclus\u00e3o do Pdot.<\/p>\n<p>Ele alegou cansa\u00e7o e contou a pessoas pr\u00f3ximas que j\u00e1 pensava em sair do governo em janeiro. Mas, com o afastamento do Ibaneis, avaliou que n\u00e3o seria a hora adequada e preferiu esperar o retorno do governador para tomar a atitude.<\/p>\n<p>Mateus Oliveira \u00e9 advogado e pretende retomar a carreira, depois de uma quarentena para descanso.<\/p>\n<p>&nbsp;<\/p>\n","protected":false},"excerpt":{"rendered":"<p>Por Samanta Sallum\u00a0 A Secretaria de Desenvolvimento Urbano e de Habita\u00e7\u00e3o do DF (Seduh) tem novo comando. Mateus Oliveira pediu exonera\u00e7\u00e3o do cargo.\u00a0 &#8220;Ap\u00f3s mais de 4 anos de muito trabalho e dedica\u00e7\u00e3o na Seduh, encerro essa importante etapa da minha vida profissional, para agora me dedicar mais \u00e0 minha fam\u00edlia&#8221;, informou. Quem assume no lugar \u00e9 Marcelo Vaz, servidor [&hellip;]<\/p>\n","protected":false},"author":125,"featured_media":12331,"comment_status":"open","ping_status":"open","sticky":false,"template":"","format":"standard","meta":{"footnotes":""},"categories":[6],"tags":[203,1545,1054],"class_list":["post-12328","post","type-post","status-publish","format-standard","has-post-thumbnail","hentry","category-coluna-capital-s-a","tag-gdf","tag-mateusoliveira","tag-seduh"],"_links":{"self":[{"href":"https:\/\/blogs.correiobraziliense.com.br\/capital-sa\/wp-json\/wp\/v2\/posts\/12328","targetHints":{"allow":["GET"]}}],"collection":[{"href":"https:\/\/blogs.correiobraziliense.com.br\/capital-sa\/wp-json\/wp\/v2\/posts"}],"about":[{"href":"https:\/\/blogs.correiobraziliense.com.br\/capital-sa\/wp-json\/wp\/v2\/types\/post"}],"author":[{"embeddable":true,"href":"https:\/\/blogs.correiobraziliense.com.br\/capital-sa\/wp-json\/wp\/v2\/users\/125"}],"replies":[{"embeddable":true,"href":"https:\/\/blogs.correiobraziliense.com.br\/capital-sa\/wp-json\/wp\/v2\/comments?post=12328"}],"version-history":[{"count":10,"href":"https:\/\/blogs.correiobraziliense.com.br\/capital-sa\/wp-json\/wp\/v2\/posts\/12328\/revisions"}],"predecessor-version":[{"id":12418,"href":"https:\/\/blogs.correiobraziliense.com.br\/capital-sa\/wp-json\/wp\/v2\/posts\/12328\/revisions\/12418"}],"wp:featuredmedia":[{"embeddable":true,"href":"https:\/\/blogs.correiobraziliense.com.br\/capital-sa\/wp-json\/wp\/v2\/media\/12331"}],"wp:attachment":[{"href":"https:\/\/blogs.correiobraziliense.com.br\/capital-sa\/wp-json\/wp\/v2\/media?parent=12328"}],"wp:term":[{"taxonomy":"category","embeddable":true,"href":"https:\/\/blogs.correiobraziliense.com.br\/capital-sa\/wp-json\/wp\/v2\/categories?post=12328"},{"taxonomy":"post_tag","embeddable":true,"href":"https:\/\/blogs.correiobraziliense.com.br\/capital-sa\/wp-json\/wp\/v2\/tags?post=12328"}],"curies":[{"name":"wp","href":"https:\/\/api.w.org\/{rel}","templated":true}]}}