{"id":12311,"date":"2023-03-22T11:17:47","date_gmt":"2023-03-22T14:17:47","guid":{"rendered":"https:\/\/blogs.correiobraziliense.com.br\/capital-sa\/?p=12311"},"modified":"2023-04-05T11:17:21","modified_gmt":"2023-04-05T14:17:21","slug":"celina-leao-faz-desabafo-sobre-magoa-e-traicao-em-encontro-do-lide-mulher","status":"publish","type":"post","link":"https:\/\/blogs.correiobraziliense.com.br\/capital-sa\/2023\/03\/22\/celina-leao-faz-desabafo-sobre-magoa-e-traicao-em-encontro-do-lide-mulher\/","title":{"rendered":"Celina Le\u00e3o faz desabafo sobre m\u00e1goa e trai\u00e7\u00e3o em encontro do Lide Mulher"},"content":{"rendered":"<p class=\"p1\"><em>A vice do GDF afirmou que quer ser \u201cgovernadora eleita\u201d e tamb\u00e9m falou de Janja e Michelle Bolsonaro<\/em><\/p>\n<p class=\"p1\"><span class=\"s1\"><b>Por Samanta Sallum<\/b><\/span><\/p>\n<p class=\"p1\"><span class=\"s1\">Em reuni\u00e3o do Lide Mulher, em Bras\u00edlia, a vice-governadora Celina Le\u00e3o, perguntada sobre o desafio de ter assumido o comando do GDF durante\u00a0<\/span><span class=\"s1\">o afastamento de Ibaneis Rocha e como lidou com os coment\u00e1rios sobre sua atua\u00e7\u00e3o de protagonismo, respondeu, em tom de desabafo: <\/span><\/p>\n<p class=\"p1\"><span class=\"s1\">\u201cO que mais me magoou foram insinua\u00e7\u00f5es de que eu iria derrubar o governador. Eu teria alian\u00e7a pol\u00edtica, mas nunca fiz algo nesse sentido. Sempre fui leal. N\u00e3o h\u00e1, no meu hist\u00f3rico, trai\u00e7\u00e3o. Eu defendi sempre nosso governador.\u201d<\/span><\/p>\n<p class=\"p1\"><span class=\"s1\">Celina contou que imprimiu o mesmo perfil de trabalho como governadora em exerc\u00edcio por cerca de 60 dias e atribuiu ila\u00e7\u00f5es sobre sua lealdade a Ibaneis como machismo tamb\u00e9m.<\/span><\/p>\n<blockquote>\n<p class=\"p1\"><span class=\"s1\">&#8220;N\u00e3o entendo por que algumas pessoas se surpreenderam com minha atua\u00e7\u00e3o t\u00e3o presente na gest\u00e3o. Eu n\u00e3o podia ser incompetente, ainda mais sendo mulher&#8221;, refor\u00e7ou.<br \/>\n<\/span><\/p>\n<\/blockquote>\n<p>Segundo ela, diriam exatamente que n\u00e3o teria &#8220;dado conta&#8221; por ser mulher. &#8220;Nesses 60 dias, como governadora em exerc\u00edcio, eu fui a Celina de sempre, trabalhando muito. N\u00e3o podia deixar que a popula\u00e7\u00e3o e as institui\u00e7\u00f5es achassem que o DF estava abandonado&#8221;, completou.<\/p>\n<p>Em bate-papo intimista com as presentes ao encontro, na tarde de ontem, no sal\u00e3o Athos Bulc\u00e3o, do Bras\u00edlia Palace, Celina contou que assumir o comando do GDF nesse per\u00edodo &#8220;n\u00e3o foi a realiza\u00e7\u00e3o de um sonho&#8221;, como muitos pensaram.<\/p>\n<p class=\"p1\"><span class=\"s1\">&#8220;Fui firme, cumpri minha miss\u00e3o, mas n\u00e3o era meu sonho ser governadora desse jeito, em meio a um momento t\u00e3o dif\u00edcil para o Distrito Federal. Eu quero ser governadora, mas eleita!&#8221;, esclareceu.<\/span><\/p>\n<p>A vice ainda elogiou o ministro da Justi\u00e7a, Fl\u00e1vio Dino, dizendo que recebeu apoio dele para enfrentar a situa\u00e7\u00e3o. &#8220;Ele foi muito correto conosco&#8221;, destacou.<\/p>\n<p class=\"p1\"><span class=\"s1\"><img loading=\"lazy\" decoding=\"async\" class=\"aligncenter size-medium wp-image-12319\" src=\"https:\/\/blogs.correiobraziliense.com.br\/capital-sa\/wp-content\/uploads\/sites\/59\/2023\/03\/846FE669-C5FA-459A-9AF1-01E4811D2B3B-300x194.jpeg\" alt=\"\" width=\"300\" height=\"194\" srcset=\"https:\/\/blogs.correiobraziliense.com.br\/capital-sa\/wp-content\/uploads\/sites\/59\/2023\/03\/846FE669-C5FA-459A-9AF1-01E4811D2B3B-300x194.jpeg 300w, https:\/\/blogs.correiobraziliense.com.br\/capital-sa\/wp-content\/uploads\/sites\/59\/2023\/03\/846FE669-C5FA-459A-9AF1-01E4811D2B3B-550x355.jpeg 550w, https:\/\/blogs.correiobraziliense.com.br\/capital-sa\/wp-content\/uploads\/sites\/59\/2023\/03\/846FE669-C5FA-459A-9AF1-01E4811D2B3B-230x148.jpeg 230w, https:\/\/blogs.correiobraziliense.com.br\/capital-sa\/wp-content\/uploads\/sites\/59\/2023\/03\/846FE669-C5FA-459A-9AF1-01E4811D2B3B.jpeg 640w\" sizes=\"auto, (max-width: 300px) 100vw, 300px\" \/><br \/>\nEla ainda lamentou o preconceito e o machismo entre as pr\u00f3prias mulheres. Defendeu que deve haver solidariedade entre as representantes femininas na pol\u00edtica e em cargos de poder. &#8220;Isso deve estar acima da divis\u00e3o entre direita e esquerda. Eu sou amiga da Michelle Bolsonaro. E, nem por isso, vou criticar agora a Janja. Ela est\u00e1 sendo alvo tamb\u00e9m de cr\u00edticas. E tem machismo nisso. Acho que Janja est\u00e1 ocupando muito bem o espa\u00e7o, que \u00e9 dela&#8221;, comentou referindo-se \u00e0 primeira-dama do pa\u00eds.<\/span><\/p>\n<p class=\"p1\"><span class=\"s1\">A vice-governadora do DF, Celina Le\u00e3o, foi a convidada especial da reuni\u00e3o do Lide Mulher. A anfitri\u00e3 foi a empres\u00e1ria Janine Britto, presidente da entidade na capital federal. A secret\u00e1ria<span class=\"Apple-converted-space\">\u00a0<\/span>da Mulher, Gisele Ferreira, e a deputada distrital Paula Belmonte (Cidadania) tamb\u00e9m participaram do debate sobre os desafios delas na pol\u00edtica e no meio empresarial, que reuniu empreendedoras e lideran\u00e7as femininas da cidade.<\/span><\/p>\n","protected":false},"excerpt":{"rendered":"<p>A vice do GDF afirmou que quer ser \u201cgovernadora eleita\u201d e tamb\u00e9m falou de Janja e Michelle Bolsonaro Por Samanta Sallum Em reuni\u00e3o do Lide Mulher, em Bras\u00edlia, a vice-governadora Celina Le\u00e3o, perguntada sobre o desafio de ter assumido o comando do GDF durante\u00a0o afastamento de Ibaneis Rocha e como lidou com os coment\u00e1rios sobre sua atua\u00e7\u00e3o de protagonismo, respondeu, [&hellip;]<\/p>\n","protected":false},"author":125,"featured_media":12315,"comment_status":"open","ping_status":"open","sticky":false,"template":"","format":"standard","meta":{"footnotes":""},"categories":[6],"tags":[1358,203,1936,1937],"class_list":["post-12311","post","type-post","status-publish","format-standard","has-post-thumbnail","hentry","category-coluna-capital-s-a","tag-celinaleao","tag-gdf","tag-lidemulher","tag-vice-governadora"],"_links":{"self":[{"href":"https:\/\/blogs.correiobraziliense.com.br\/capital-sa\/wp-json\/wp\/v2\/posts\/12311","targetHints":{"allow":["GET"]}}],"collection":[{"href":"https:\/\/blogs.correiobraziliense.com.br\/capital-sa\/wp-json\/wp\/v2\/posts"}],"about":[{"href":"https:\/\/blogs.correiobraziliense.com.br\/capital-sa\/wp-json\/wp\/v2\/types\/post"}],"author":[{"embeddable":true,"href":"https:\/\/blogs.correiobraziliense.com.br\/capital-sa\/wp-json\/wp\/v2\/users\/125"}],"replies":[{"embeddable":true,"href":"https:\/\/blogs.correiobraziliense.com.br\/capital-sa\/wp-json\/wp\/v2\/comments?post=12311"}],"version-history":[{"count":14,"href":"https:\/\/blogs.correiobraziliense.com.br\/capital-sa\/wp-json\/wp\/v2\/posts\/12311\/revisions"}],"predecessor-version":[{"id":12417,"href":"https:\/\/blogs.correiobraziliense.com.br\/capital-sa\/wp-json\/wp\/v2\/posts\/12311\/revisions\/12417"}],"wp:featuredmedia":[{"embeddable":true,"href":"https:\/\/blogs.correiobraziliense.com.br\/capital-sa\/wp-json\/wp\/v2\/media\/12315"}],"wp:attachment":[{"href":"https:\/\/blogs.correiobraziliense.com.br\/capital-sa\/wp-json\/wp\/v2\/media?parent=12311"}],"wp:term":[{"taxonomy":"category","embeddable":true,"href":"https:\/\/blogs.correiobraziliense.com.br\/capital-sa\/wp-json\/wp\/v2\/categories?post=12311"},{"taxonomy":"post_tag","embeddable":true,"href":"https:\/\/blogs.correiobraziliense.com.br\/capital-sa\/wp-json\/wp\/v2\/tags?post=12311"}],"curies":[{"name":"wp","href":"https:\/\/api.w.org\/{rel}","templated":true}]}}