{"id":12246,"date":"2023-03-20T11:02:35","date_gmt":"2023-03-20T14:02:35","guid":{"rendered":"https:\/\/blogs.correiobraziliense.com.br\/capital-sa\/?p=12246"},"modified":"2023-03-21T11:50:10","modified_gmt":"2023-03-21T14:50:10","slug":"reuniao-de-federacoes-do-df-para-alinhar-trabalho-conjunto","status":"publish","type":"post","link":"https:\/\/blogs.correiobraziliense.com.br\/capital-sa\/2023\/03\/20\/reuniao-de-federacoes-do-df-para-alinhar-trabalho-conjunto\/","title":{"rendered":"Reuni\u00e3o de federa\u00e7\u00f5es do DF para alinhar trabalho conjunto"},"content":{"rendered":"<p class=\"p1\"><b>Por Samanta Sallum\u00a0<\/b><\/p>\n<p class=\"p1\"><span class=\"s1\">Presidentes de federa\u00e7\u00f5es e entidades do setor produtivo se reuniram, na sede da Fecom\u00e9rcio-DF, para discutirem assuntos de interesse do Distrito Federal e um formato de trabalho alinhado ao longo de 2023. A ideia \u00e9 unir for\u00e7as na condu\u00e7\u00e3o de temas convergentes que estejam nas pautas Legislativa e do Executivo. &#8220;Foi um encontro de l\u00edderes para dar in\u00edcio a uma estrat\u00e9gia de trabalho conjunta&#8221;, explicou o<span class=\"Apple-converted-space\">\u00a0<\/span>presidente do Sistema Fecom\u00e9rcio-DF, Jos\u00e9 Aparecido Freire.<\/span><\/p>\n<p class=\"p1\"><span class=\"s1\">O presidente da Federa\u00e7\u00e3o de Agricultura e Pecu\u00e1ria do Distrito Federal (Fape-DF), Fernando Cezar Ribeiro, ressaltou que a parceria fortalece as discuss\u00f5es sobre pautas em comum. &#8220;Ainda estamos amadurecendo o debate sobre os pontos que nos unem, para que possamos seguir caminhando juntos&#8221;, disse Ribeiro.<span class=\"Apple-converted-space\">\u00a0E o\u00a0<\/span>presidente da Federa\u00e7\u00e3o das Ind\u00fastrias do Distrito Federal (Fibra-DF), Jamal Bittar, classificou a reuni\u00e3o como um &#8220;f\u00f3rum de ideias&#8221;.<\/span><\/p>\n<p class=\"p1\"><span class=\"s1\">&#8220;Empres\u00e1rios desunidos n\u00e3o chegam a lugar nenhum. Por isso, estamos conversando sobre a possibilidade de uniformizar nossas reivindica\u00e7\u00f5es&#8221;, frisou o presidente C\u00e2mara de Dirigentes Lojistas do Distrito Federal (CDL-DF), Wagner da Silveira Jr.<\/span><\/p>\n<p class=\"p1\"><span class=\"s1\">Tamb\u00e9m participaram da reuni\u00e3o os presidentes da<span class=\"Apple-converted-space\">\u00a0 <\/span>Federa\u00e7\u00e3o Interestadual das Empresas de Transporte de Cargas (Fenatac), Paulo Afonso Lustosa; da Federa\u00e7\u00e3o das Associa\u00e7\u00f5es Comerciais do DF e Entorno (FACIDF), Valdeci Machado; e do Conselho de Desenvolvimento Econ\u00f4mico, Sustent\u00e1vel e Estrat\u00e9gico do Distrito Federal (Codese-DF), Leonardo \u00c1vila. Pelo Sebrae-DF, esteve presente a superintendente regional, Rose Rainha, e pela Federa\u00e7\u00e3o Nacional das Empresas Locadoras de Ve\u00edculos Automotores (Fenaloc) o diretor executivo Weber Mesquita.<\/span><\/p>\n","protected":false},"excerpt":{"rendered":"<p>Por Samanta Sallum\u00a0 Presidentes de federa\u00e7\u00f5es e entidades do setor produtivo se reuniram, na sede da Fecom\u00e9rcio-DF, para discutirem assuntos de interesse do Distrito Federal e um formato de trabalho alinhado ao longo de 2023. A ideia \u00e9 unir for\u00e7as na condu\u00e7\u00e3o de temas convergentes que estejam nas pautas Legislativa e do Executivo. &#8220;Foi um encontro de l\u00edderes para dar [&hellip;]<\/p>\n","protected":false},"author":125,"featured_media":12250,"comment_status":"open","ping_status":"open","sticky":false,"template":"","format":"standard","meta":{"footnotes":""},"categories":[6],"tags":[734,1709,367],"class_list":["post-12246","post","type-post","status-publish","format-standard","has-post-thumbnail","hentry","category-coluna-capital-s-a","tag-fecomercio-df","tag-federacoes","tag-setorprodutivo"],"_links":{"self":[{"href":"https:\/\/blogs.correiobraziliense.com.br\/capital-sa\/wp-json\/wp\/v2\/posts\/12246","targetHints":{"allow":["GET"]}}],"collection":[{"href":"https:\/\/blogs.correiobraziliense.com.br\/capital-sa\/wp-json\/wp\/v2\/posts"}],"about":[{"href":"https:\/\/blogs.correiobraziliense.com.br\/capital-sa\/wp-json\/wp\/v2\/types\/post"}],"author":[{"embeddable":true,"href":"https:\/\/blogs.correiobraziliense.com.br\/capital-sa\/wp-json\/wp\/v2\/users\/125"}],"replies":[{"embeddable":true,"href":"https:\/\/blogs.correiobraziliense.com.br\/capital-sa\/wp-json\/wp\/v2\/comments?post=12246"}],"version-history":[{"count":5,"href":"https:\/\/blogs.correiobraziliense.com.br\/capital-sa\/wp-json\/wp\/v2\/posts\/12246\/revisions"}],"predecessor-version":[{"id":12298,"href":"https:\/\/blogs.correiobraziliense.com.br\/capital-sa\/wp-json\/wp\/v2\/posts\/12246\/revisions\/12298"}],"wp:featuredmedia":[{"embeddable":true,"href":"https:\/\/blogs.correiobraziliense.com.br\/capital-sa\/wp-json\/wp\/v2\/media\/12250"}],"wp:attachment":[{"href":"https:\/\/blogs.correiobraziliense.com.br\/capital-sa\/wp-json\/wp\/v2\/media?parent=12246"}],"wp:term":[{"taxonomy":"category","embeddable":true,"href":"https:\/\/blogs.correiobraziliense.com.br\/capital-sa\/wp-json\/wp\/v2\/categories?post=12246"},{"taxonomy":"post_tag","embeddable":true,"href":"https:\/\/blogs.correiobraziliense.com.br\/capital-sa\/wp-json\/wp\/v2\/tags?post=12246"}],"curies":[{"name":"wp","href":"https:\/\/api.w.org\/{rel}","templated":true}]}}