{"id":12236,"date":"2023-03-20T09:57:58","date_gmt":"2023-03-20T12:57:58","guid":{"rendered":"https:\/\/blogs.correiobraziliense.com.br\/capital-sa\/?p=12236"},"modified":"2023-03-21T10:53:03","modified_gmt":"2023-03-21T13:53:03","slug":"panteao-reaberto-com-filmes-imersivos","status":"publish","type":"post","link":"https:\/\/blogs.correiobraziliense.com.br\/capital-sa\/2023\/03\/20\/panteao-reaberto-com-filmes-imersivos\/","title":{"rendered":"Pante\u00e3o reaberto com filmes imersivos"},"content":{"rendered":"<p class=\"p1\"><b>Por Samanta Sallum\u00a0<\/b><\/p>\n<p class=\"p1\"><span class=\"s1\">O local, fechado ap\u00f3s os atos antidemocr\u00e1ticos, foi reaberto para o p\u00fablico e recebe uma mostra de filmes imersivos entre 23 e 26 de mar\u00e7o. Projetado por Oscar Niemeyer, o monumento foi criado para homenagear personalidades que lutaram pela liberdade e pela democracia do pa\u00eds, como Chico Mendes, Tiradentes, Zumbi dos Palmares, nomes eternizados no <em>Livro dos Her\u00f3is da P\u00e1tria<\/em>.<\/span><\/p>\n<p class=\"p1\"><span class=\"s1\">A primeira mulher a entrar no livro, a enfermeira Anna Nery, \u00e9 personagem da premiada fic\u00e7\u00e3o hist\u00f3rica &#8220;Quando nasce uma hero\u00edna&#8221;, destaque da programa\u00e7\u00e3o.<\/span><\/p>\n<p class=\"p1\"><span class=\"s1\"><b>Guerra do Paraguai <\/b><\/span><\/p>\n<p class=\"p1\"><span class=\"s1\">A experi\u00eancia imersiva dura 5 minutos e, usando \u00f3culos especiais, o espectador \u00e9 teleportado para 1868, para uma tenda hospitalar da Guerra do Paraguai. A mostra \u00e9 produzida com recursos do FAC e tamb\u00e9m conta com o apoio do Centro Cultural Tr\u00eas Poderes.<\/span><\/p>\n<p class=\"p1\"><span class=\"s1\"><b>Produ\u00e7\u00e3o brasiliense <\/b><\/span><\/p>\n<p class=\"p1\"><span class=\"s1\">A exibi\u00e7\u00e3o \u00e9 coordenada pela S\u00e9tima Cinema e a realiza\u00e7\u00e3o tamb\u00e9m \u00e9 dos diretores brasilienses Henrique Siqueira e Filipe Gontijo, da Caixote Hist\u00f3rias Imersivas.<span class=\"Apple-converted-space\">\u00a0 <\/span>O p\u00fablico poder\u00e1 escolher entre 12 experi\u00eancias em diferentes linguagens e g\u00eaneros narrativos. <\/span><\/p>\n","protected":false},"excerpt":{"rendered":"<p>Por Samanta Sallum\u00a0 O local, fechado ap\u00f3s os atos antidemocr\u00e1ticos, foi reaberto para o p\u00fablico e recebe uma mostra de filmes imersivos entre 23 e 26 de mar\u00e7o. Projetado por Oscar Niemeyer, o monumento foi criado para homenagear personalidades que lutaram pela liberdade e pela democracia do pa\u00eds, como Chico Mendes, Tiradentes, Zumbi dos Palmares, nomes eternizados no Livro dos [&hellip;]<\/p>\n","protected":false},"author":125,"featured_media":12245,"comment_status":"open","ping_status":"open","sticky":false,"template":"","format":"standard","meta":{"footnotes":""},"categories":[6],"tags":[1928,1927,1926,1924,1925],"class_list":["post-12236","post","type-post","status-publish","format-standard","has-post-thumbnail","hentry","category-coluna-capital-s-a","tag-cinema","tag-filmesimersivos","tag-mostradefilmes","tag-panteao","tag-pracadostrespoderes"],"_links":{"self":[{"href":"https:\/\/blogs.correiobraziliense.com.br\/capital-sa\/wp-json\/wp\/v2\/posts\/12236","targetHints":{"allow":["GET"]}}],"collection":[{"href":"https:\/\/blogs.correiobraziliense.com.br\/capital-sa\/wp-json\/wp\/v2\/posts"}],"about":[{"href":"https:\/\/blogs.correiobraziliense.com.br\/capital-sa\/wp-json\/wp\/v2\/types\/post"}],"author":[{"embeddable":true,"href":"https:\/\/blogs.correiobraziliense.com.br\/capital-sa\/wp-json\/wp\/v2\/users\/125"}],"replies":[{"embeddable":true,"href":"https:\/\/blogs.correiobraziliense.com.br\/capital-sa\/wp-json\/wp\/v2\/comments?post=12236"}],"version-history":[{"count":5,"href":"https:\/\/blogs.correiobraziliense.com.br\/capital-sa\/wp-json\/wp\/v2\/posts\/12236\/revisions"}],"predecessor-version":[{"id":12296,"href":"https:\/\/blogs.correiobraziliense.com.br\/capital-sa\/wp-json\/wp\/v2\/posts\/12236\/revisions\/12296"}],"wp:featuredmedia":[{"embeddable":true,"href":"https:\/\/blogs.correiobraziliense.com.br\/capital-sa\/wp-json\/wp\/v2\/media\/12245"}],"wp:attachment":[{"href":"https:\/\/blogs.correiobraziliense.com.br\/capital-sa\/wp-json\/wp\/v2\/media?parent=12236"}],"wp:term":[{"taxonomy":"category","embeddable":true,"href":"https:\/\/blogs.correiobraziliense.com.br\/capital-sa\/wp-json\/wp\/v2\/categories?post=12236"},{"taxonomy":"post_tag","embeddable":true,"href":"https:\/\/blogs.correiobraziliense.com.br\/capital-sa\/wp-json\/wp\/v2\/tags?post=12236"}],"curies":[{"name":"wp","href":"https:\/\/api.w.org\/{rel}","templated":true}]}}